{"id":1244,"date":"2022-03-08T12:00:00","date_gmt":"2022-03-08T10:00:00","guid":{"rendered":"https:\/\/carolavercaigne.com\/?p=1244"},"modified":"2022-03-08T20:31:54","modified_gmt":"2022-03-08T18:31:54","slug":"ladamadelbosque","status":"publish","type":"post","link":"https:\/\/carolavercaigne.com\/index.php\/ladamadelbosque\/","title":{"rendered":"Rese\u00f1a de: Imperia 1. Los Predestinados"},"content":{"rendered":"\n<p class=\"has-text-align-center has-vivid-cyan-blue-color has-text-color has-medium-font-size\"><strong> Escrita por Sara, <a href=\"https:\/\/www.instagram.com\/ladama.delbosque\/\" target=\"_blank\" rel=\"noreferrer noopener\">la Dama del Bosque<\/a>. <\/strong><\/p>\n\n\n\n<p>Hola familia, hoy quiero hablaros de <a href=\"https:\/\/carolavercaigne.com\/index.php\/imperia-i-los-predestinados\/\" target=\"_blank\" rel=\"noreferrer noopener\">Imperia, los Predestinados<\/a>. Primer libro de una saga que pinta fant\u00e1stica y que <strong>es uno de los mejores libros que le\u00ed el a\u00f1o pasado<\/strong>. No s\u00e9 si voy a ser capaz de plasmar en estas letras la maravilla de libro que tenemos entre manos.<\/p>\n\n\n\n<p>El libro empieza fuerte con un ep\u00edlogo magistral que te mete de lleno en \u00e9l.<\/p>\n\n\n\n<p>Nos encontramos en Imperia, una ciudad dividida por sectores y regida por los Sagritos. Estos sectores se encuentran divididos por un gran muro que a su vez, los protege de lo que hay fuera de la ciudad. Cada sector se encarga de explotar sus recursos para abastecerse a s\u00ed mismos y al resto de sectores. Los Sagritos se encargan de mantener la paz y el orden o quiz\u00e1 no\u2026 <strong>yo todav\u00eda no termino de fiarme de ellos<\/strong>.<\/p>\n\n\n\n<p>Los protagonistas se nos presentan poco a poco, lo que da lugar a que los podamos conocer en profundidad y ver c\u00f3mo es su d\u00eda a d\u00eda, as\u00ed que <strong>es inevitable cogerles cari\u00f1o a todos<\/strong>. Nuestros chicos tienen que aprender a convivir para poder superar los obst\u00e1culos que van apareciendo en su camino, que no son pocos. \u00bfCrees que lo conseguir\u00e1n?<\/p>\n\n\n\n<p><strong>El worldbuilding es pura maravilla<\/strong>. Cada localizaci\u00f3n, cada rinconcito est\u00e1 descrito de una manera que hace que imaginarlo sea algo sencillo.<\/p>\n\n\n\n<p>Y ahora vamos con la pluma de Carola. Tiene una forma de escribir que hace que la lectura sea tan fluida y tan \u00e1gil que consigue atraparte. <strong>S\u00f3lo tengo buenas palabras hacia ella y su obra.<\/strong><\/p>\n\n\n\n<div class=\"wp-block-columns\">\n<div class=\"wp-block-column\">\n<figure class=\"wp-block-image size-large\"><img loading=\"lazy\" width=\"1024\" height=\"1024\" src=\"https:\/\/carolavercaigne.com\/wp-content\/uploads\/2022\/03\/photo5852759231864878962-1024x1024.jpg\" alt=\"\" class=\"wp-image-1247\" srcset=\"https:\/\/carolavercaigne.com\/wp-content\/uploads\/2022\/03\/photo5852759231864878962-1024x1024.jpg 1024w, https:\/\/carolavercaigne.com\/wp-content\/uploads\/2022\/03\/photo5852759231864878962-300x300.jpg 300w, https:\/\/carolavercaigne.com\/wp-content\/uploads\/2022\/03\/photo5852759231864878962-150x150.jpg 150w, https:\/\/carolavercaigne.com\/wp-content\/uploads\/2022\/03\/photo5852759231864878962-768x768.jpg 768w, https:\/\/carolavercaigne.com\/wp-content\/uploads\/2022\/03\/photo5852759231864878962.jpg 1280w\" sizes=\"(max-width: 1024px) 100vw, 1024px\" \/><\/figure>\n<\/div>\n\n\n\n<div class=\"wp-block-column is-vertically-aligned-center\">\n<div class=\"wp-block-image\"><figure class=\"aligncenter size-large\"><img loading=\"lazy\" width=\"1024\" height=\"1024\" src=\"https:\/\/carolavercaigne.com\/wp-content\/uploads\/2022\/03\/photo5852759231864878963-1024x1024.jpg\" alt=\"\" class=\"wp-image-1248\" srcset=\"https:\/\/carolavercaigne.com\/wp-content\/uploads\/2022\/03\/photo5852759231864878963-1024x1024.jpg 1024w, https:\/\/carolavercaigne.com\/wp-content\/uploads\/2022\/03\/photo5852759231864878963-300x300.jpg 300w, https:\/\/carolavercaigne.com\/wp-content\/uploads\/2022\/03\/photo5852759231864878963-150x150.jpg 150w, https:\/\/carolavercaigne.com\/wp-content\/uploads\/2022\/03\/photo5852759231864878963-768x768.jpg 768w, https:\/\/carolavercaigne.com\/wp-content\/uploads\/2022\/03\/photo5852759231864878963.jpg 1280w\" sizes=\"(max-width: 1024px) 100vw, 1024px\" \/><\/figure><\/div>\n<\/div>\n<\/div>\n\n\n\n<div class=\"wp-block-columns\">\n<div class=\"wp-block-column\">\n<div class=\"wp-block-image\"><figure class=\"aligncenter size-large\"><img loading=\"lazy\" width=\"1024\" height=\"1024\" src=\"https:\/\/carolavercaigne.com\/wp-content\/uploads\/2022\/03\/photo5852759231864878964-1024x1024.jpg\" alt=\"\" class=\"wp-image-1249\" srcset=\"https:\/\/carolavercaigne.com\/wp-content\/uploads\/2022\/03\/photo5852759231864878964-1024x1024.jpg 1024w, https:\/\/carolavercaigne.com\/wp-content\/uploads\/2022\/03\/photo5852759231864878964-300x300.jpg 300w, https:\/\/carolavercaigne.com\/wp-content\/uploads\/2022\/03\/photo5852759231864878964-150x150.jpg 150w, https:\/\/carolavercaigne.com\/wp-content\/uploads\/2022\/03\/photo5852759231864878964-768x768.jpg 768w, https:\/\/carolavercaigne.com\/wp-content\/uploads\/2022\/03\/photo5852759231864878964.jpg 1280w\" sizes=\"(max-width: 1024px) 100vw, 1024px\" \/><\/figure><\/div>\n<\/div>\n\n\n\n<div class=\"wp-block-column\">\n<div class=\"wp-block-image\"><figure class=\"aligncenter size-large\"><img loading=\"lazy\" width=\"1024\" height=\"1015\" src=\"https:\/\/carolavercaigne.com\/wp-content\/uploads\/2022\/03\/photo5852759231864878965-1024x1015.jpg\" alt=\"\" class=\"wp-image-1250\" srcset=\"https:\/\/carolavercaigne.com\/wp-content\/uploads\/2022\/03\/photo5852759231864878965-1024x1015.jpg 1024w, https:\/\/carolavercaigne.com\/wp-content\/uploads\/2022\/03\/photo5852759231864878965-300x297.jpg 300w, https:\/\/carolavercaigne.com\/wp-content\/uploads\/2022\/03\/photo5852759231864878965-150x150.jpg 150w, https:\/\/carolavercaigne.com\/wp-content\/uploads\/2022\/03\/photo5852759231864878965-768x761.jpg 768w, https:\/\/carolavercaigne.com\/wp-content\/uploads\/2022\/03\/photo5852759231864878965.jpg 1280w\" sizes=\"(max-width: 1024px) 100vw, 1024px\" \/><\/figure><\/div>\n<\/div>\n<\/div>\n\n\n\n<p>Si no hab\u00e9is elegido ning\u00fan sector, hacedlo ya y entrad de lleno en la novela. Pero elegid bien, no puedes fiarte de cualquiera. Yo soy una orgullosa Hija del drag\u00f3n. Menos mal, no habr\u00eda soportado oler a pescado como esos odiosas Culebras.<\/p>\n\n\n\n<p>Carola, muchas gracias por decidirte a crear Imperia.<\/p>\n\n\n\n<p class=\"has-text-align-center has-medium-font-size\"><span class=\"has-inline-color has-vivid-green-cyan-color\"><strong>SARA<\/strong>. <\/span><\/p>\n\n\n\n<p><span class=\"has-inline-color has-vivid-green-cyan-color\"><\/span>Sigue a <a href=\"https:\/\/www.instagram.com\/ladama.delbosque\/\" target=\"_blank\" rel=\"noreferrer noopener\">La dama del bosque en Instagram<\/a> y alucina con sus fant\u00e1sticos edits. No te olvides de dejarle un comentario en la <a href=\"https:\/\/www.instagram.com\/p\/CZUuXbur9Ow\/\" target=\"_blank\" rel=\"noreferrer noopener\">publicaci\u00f3n que dedic\u00f3 a Imperia 1. Los Predestinados.<\/a><\/p>\n","protected":false},"excerpt":{"rendered":"<p>Opini\u00f3n personal escrita por Sara, la dama del bosque, del primer libro de la Saga Imperia: Los Predestinados.<\/p>\n","protected":false},"author":2,"featured_media":1246,"comment_status":"closed","ping_status":"open","sticky":false,"template":"","format":"standard","meta":[],"categories":[1],"tags":[13,16],"yoast_head":"<!-- This site is optimized with the Yoast SEO plugin v16.4 - https:\/\/yoast.com\/wordpress\/plugins\/seo\/ -->\n<meta name=\"description\" content=\"Opini\u00f3n personal escrita por Sara, la dama del bosque, del primer libro de la Saga Imperia: Los Predestinados.\" \/>\n<meta name=\"robots\" content=\"noindex, follow\" \/>\n<meta property=\"og:locale\" content=\"es_ES\" \/>\n<meta property=\"og:type\" content=\"article\" \/>\n<meta property=\"og:title\" content=\"Rese\u00f1a: Imperia I. Los Predestinados (la dama del bosque)\" \/>\n<meta property=\"og:description\" content=\"Opini\u00f3n personal escrita por Sara, la dama del bosque, del primer libro de la Saga Imperia: Los Predestinados.\" \/>\n<meta property=\"og:url\" content=\"https:\/\/carolavercaigne.com\/index.php\/ladamadelbosque\/\" \/>\n<meta property=\"og:site_name\" content=\"Carola Vercaigne\" \/>\n<meta property=\"article:published_time\" content=\"2022-03-08T10:00:00+00:00\" \/>\n<meta property=\"article:modified_time\" content=\"2022-03-08T18:31:54+00:00\" \/>\n<meta property=\"og:image\" content=\"https:\/\/carolavercaigne.com\/wp-content\/uploads\/2022\/03\/SAGA_IMPERIA_ladamadelbosque.jpg\" \/>\n\t<meta property=\"og:image:width\" content=\"1280\" \/>\n\t<meta property=\"og:image:height\" content=\"1280\" \/>\n<meta name=\"twitter:card\" content=\"summary_large_image\" \/>\n<meta name=\"twitter:title\" content=\"Rese\u00f1a: Imperia I. Los Predestinados (la dama del bosque)\" \/>\n<meta name=\"twitter:description\" content=\"Opini\u00f3n personal escrita por Sara, la dama del bosque, del primer libro de la Saga Imperia: Los Predestinados.\" \/>\n<meta name=\"twitter:image\" content=\"https:\/\/carolavercaigne.com\/wp-content\/uploads\/2022\/03\/SAGA_IMPERIA_ladamadelbosque.jpg\" \/>\n<meta name=\"twitter:label1\" content=\"Tiempo de lectura\" \/>\n\t<meta name=\"twitter:data1\" content=\"3 minutos\" \/>\n<script type=\"application\/ld+json\" class=\"yoast-schema-graph\">{\"@context\":\"https:\/\/schema.org\",\"@graph\":[{\"@type\":[\"Person\",\"Organization\"],\"@id\":\"https:\/\/carolavercaigne.com\/#\/schema\/person\/0e20eb114ce52348c24fce546930ab39\",\"name\":\"Carola\",\"image\":{\"@type\":\"ImageObject\",\"@id\":\"https:\/\/carolavercaigne.com\/#personlogo\",\"inLanguage\":\"es\",\"url\":\"https:\/\/secure.gravatar.com\/avatar\/9879b20eef827deca00a7c0544465acb?s=96&d=mm&r=g\",\"contentUrl\":\"https:\/\/secure.gravatar.com\/avatar\/9879b20eef827deca00a7c0544465acb?s=96&d=mm&r=g\",\"caption\":\"Carola\"},\"logo\":{\"@id\":\"https:\/\/carolavercaigne.com\/#personlogo\"},\"sameAs\":[\"http:\/\/carolavercaigne.com\"]},{\"@type\":\"WebSite\",\"@id\":\"https:\/\/carolavercaigne.com\/#website\",\"url\":\"https:\/\/carolavercaigne.com\/\",\"name\":\"Carola Vercaigne\",\"description\":\"\",\"publisher\":{\"@id\":\"https:\/\/carolavercaigne.com\/#\/schema\/person\/0e20eb114ce52348c24fce546930ab39\"},\"potentialAction\":[{\"@type\":\"SearchAction\",\"target\":\"https:\/\/carolavercaigne.com\/?s={search_term_string}\",\"query-input\":\"required name=search_term_string\"}],\"inLanguage\":\"es\"},{\"@type\":\"ImageObject\",\"@id\":\"https:\/\/carolavercaigne.com\/index.php\/ladamadelbosque\/#primaryimage\",\"inLanguage\":\"es\",\"url\":\"https:\/\/carolavercaigne.com\/wp-content\/uploads\/2022\/03\/SAGA_IMPERIA_ladamadelbosque.jpg\",\"contentUrl\":\"https:\/\/carolavercaigne.com\/wp-content\/uploads\/2022\/03\/SAGA_IMPERIA_ladamadelbosque.jpg\",\"width\":1280,\"height\":1280},{\"@type\":\"WebPage\",\"@id\":\"https:\/\/carolavercaigne.com\/index.php\/ladamadelbosque\/#webpage\",\"url\":\"https:\/\/carolavercaigne.com\/index.php\/ladamadelbosque\/\",\"name\":\"Rese\\u00f1a de: Imperia 1. Los Predestinados ~ Carola Vercaigne\",\"isPartOf\":{\"@id\":\"https:\/\/carolavercaigne.com\/#website\"},\"primaryImageOfPage\":{\"@id\":\"https:\/\/carolavercaigne.com\/index.php\/ladamadelbosque\/#primaryimage\"},\"datePublished\":\"2022-03-08T10:00:00+00:00\",\"dateModified\":\"2022-03-08T18:31:54+00:00\",\"description\":\"Opini\\u00f3n personal escrita por Sara, la dama del bosque, del primer libro de la Saga Imperia: Los Predestinados.\",\"breadcrumb\":{\"@id\":\"https:\/\/carolavercaigne.com\/index.php\/ladamadelbosque\/#breadcrumb\"},\"inLanguage\":\"es\",\"potentialAction\":[{\"@type\":\"ReadAction\",\"target\":[\"https:\/\/carolavercaigne.com\/index.php\/ladamadelbosque\/\"]}]},{\"@type\":\"BreadcrumbList\",\"@id\":\"https:\/\/carolavercaigne.com\/index.php\/ladamadelbosque\/#breadcrumb\",\"itemListElement\":[{\"@type\":\"ListItem\",\"position\":1,\"item\":{\"@type\":\"WebPage\",\"@id\":\"https:\/\/carolavercaigne.com\/\",\"url\":\"https:\/\/carolavercaigne.com\/\",\"name\":\"Portada\"}},{\"@type\":\"ListItem\",\"position\":2,\"item\":{\"@id\":\"https:\/\/carolavercaigne.com\/index.php\/ladamadelbosque\/#webpage\"}}]},{\"@type\":\"Article\",\"@id\":\"https:\/\/carolavercaigne.com\/index.php\/ladamadelbosque\/#article\",\"isPartOf\":{\"@id\":\"https:\/\/carolavercaigne.com\/index.php\/ladamadelbosque\/#webpage\"},\"author\":{\"@id\":\"https:\/\/carolavercaigne.com\/#\/schema\/person\/07b5da434512abefc10e2999d7617224\"},\"headline\":\"Rese\\u00f1a de: Imperia 1. Los Predestinados\",\"datePublished\":\"2022-03-08T10:00:00+00:00\",\"dateModified\":\"2022-03-08T18:31:54+00:00\",\"mainEntityOfPage\":{\"@id\":\"https:\/\/carolavercaigne.com\/index.php\/ladamadelbosque\/#webpage\"},\"wordCount\":372,\"publisher\":{\"@id\":\"https:\/\/carolavercaigne.com\/#\/schema\/person\/0e20eb114ce52348c24fce546930ab39\"},\"image\":{\"@id\":\"https:\/\/carolavercaigne.com\/index.php\/ladamadelbosque\/#primaryimage\"},\"thumbnailUrl\":\"https:\/\/carolavercaigne.com\/wp-content\/uploads\/2022\/03\/sagaimperia_Ladamadelbosque.jpg\",\"keywords\":[\"Instagram\",\"Saga Imperia\"],\"inLanguage\":\"es\"},{\"@type\":\"Person\",\"@id\":\"https:\/\/carolavercaigne.com\/#\/schema\/person\/07b5da434512abefc10e2999d7617224\",\"name\":\"Los Curris\",\"image\":{\"@type\":\"ImageObject\",\"@id\":\"https:\/\/carolavercaigne.com\/#personlogo\",\"inLanguage\":\"es\",\"url\":\"https:\/\/secure.gravatar.com\/avatar\/d317bcda9adece249c632f42dcd4edc5?s=96&d=mm&r=g\",\"contentUrl\":\"https:\/\/secure.gravatar.com\/avatar\/d317bcda9adece249c632f42dcd4edc5?s=96&d=mm&r=g\",\"caption\":\"Los Curris\"}}]}<\/script>\n<!-- \/ Yoast SEO plugin. -->","_links":{"self":[{"href":"https:\/\/carolavercaigne.com\/index.php\/wp-json\/wp\/v2\/posts\/1244"}],"collection":[{"href":"https:\/\/carolavercaigne.com\/index.php\/wp-json\/wp\/v2\/posts"}],"about":[{"href":"https:\/\/carolavercaigne.com\/index.php\/wp-json\/wp\/v2\/types\/post"}],"author":[{"embeddable":true,"href":"https:\/\/carolavercaigne.com\/index.php\/wp-json\/wp\/v2\/users\/2"}],"replies":[{"embeddable":true,"href":"https:\/\/carolavercaigne.com\/index.php\/wp-json\/wp\/v2\/comments?post=1244"}],"version-history":[{"count":4,"href":"https:\/\/carolavercaigne.com\/index.php\/wp-json\/wp\/v2\/posts\/1244\/revisions"}],"predecessor-version":[{"id":1257,"href":"https:\/\/carolavercaigne.com\/index.php\/wp-json\/wp\/v2\/posts\/1244\/revisions\/1257"}],"wp:featuredmedia":[{"embeddable":true,"href":"https:\/\/carolavercaigne.com\/index.php\/wp-json\/wp\/v2\/media\/1246"}],"wp:attachment":[{"href":"https:\/\/carolavercaigne.com\/index.php\/wp-json\/wp\/v2\/media?parent=1244"}],"wp:term":[{"taxonomy":"category","embeddable":true,"href":"https:\/\/carolavercaigne.com\/index.php\/wp-json\/wp\/v2\/categories?post=1244"},{"taxonomy":"post_tag","embeddable":true,"href":"https:\/\/carolavercaigne.com\/index.php\/wp-json\/wp\/v2\/tags?post=1244"}],"curies":[{"name":"wp","href":"https:\/\/api.w.org\/{rel}","templated":true}]}}