{"id":1309,"date":"2022-10-17T12:00:00","date_gmt":"2022-10-17T10:00:00","guid":{"rendered":"https:\/\/carolavercaigne.com\/?p=1309"},"modified":"2022-10-17T15:58:35","modified_gmt":"2022-10-17T13:58:35","slug":"entrevista_dreamingofmimibooks","status":"publish","type":"post","link":"https:\/\/carolavercaigne.com\/index.php\/entrevista_dreamingofmimibooks\/","title":{"rendered":"\u00bfQui\u00e9n es&#8230; Carola Vercaigne?"},"content":{"rendered":"\n<p><strong>REPOST<\/strong>: Entrevista hecha por <a href=\"https:\/\/www.instagram.com\/dreamingofmimibooks\/\">dreamingofmimibooks<\/a><\/p>\n\n\n\n<p>Soy Carola Vercaigne. Alicantina con aspecto y car\u00e1cter de valquiria, y en mis ratos libres: escritora de fantas\u00eda juvenil-adulta con toques de rom\u00e1ntica.<\/p>\n\n\n\n<ul><li><strong>\u00bfD\u00f3nde vives?<\/strong><\/li><\/ul>\n\n\n\n<p>Siempre pisando la hierba mojada, pero con la cabeza en las nubes.<\/p>\n\n\n\n<ul><li><strong>\u00bfC\u00f3mo es Carola?<\/strong><\/li><\/ul>\n\n\n\n<p>Culo inquieto, aventurera, viajera y m\u00e1s impulsiva de lo recomendado por la salud p\u00fablica.<\/p>\n\n\n\n<ul><li><strong>\u00bfEn qu\u00e9 o qui\u00e9n te has inspirado para escribir: <a href=\"https:\/\/carolavercaigne.com\/index.php\/un-lugar-donde-encontrarnos\/\" target=\"_blank\" rel=\"noreferrer noopener\">Un lugar donde encontrarnos<\/a>?<\/strong><\/li><\/ul>\n\n\n\n<p>El QU\u00c9 m\u00e1s bien fue un poco de vivencia personal y un poco lo que mi cabeza cre\u00f3 mientras hac\u00eda el muerto en el mar. La calma, el runr\u00fan de las olas, la brisa marina acariciando la piel expuesta, el sol atravesando los p\u00e1rpados cerrados y el sonido que hacen las piedritas de la orilla al rodar de un lado a otro. Es muy f\u00e1cil inspirarse as\u00ed.<\/p>\n\n\n\n<ul><li><strong>\u00bfQu\u00e9 buscas transmitir con este libro?<\/strong><\/li><\/ul>\n\n\n\n<p>Nada concreto y todo en general. Muchas emociones, demostrar que hasta de lo peor se puede sacar lo positivo y que hay luz en la oscuridad m\u00e1s absoluta, pero, sobre todo, que el lector sienta que la historia le pincha el coraz\u00f3n y la disfruta de principio a fin.<\/p>\n\n\n\n<ul><li><strong>\u00bfTienes lectoras cero? \u00bfLes sueles pedir ayuda?<\/strong><\/li><\/ul>\n\n\n\n<p>Siempre. Tengo mi equipo de <a href=\"https:\/\/carolavercaigne.com\/index.php\/las-4-fantasticas\/\" target=\"_blank\" rel=\"noreferrer noopener\">wonders<\/a>, mis chicas de oro, las criticonas, lovers y haters. Mi \u00faltima incorporaci\u00f3n al grupo es un Halc\u00f3n al que no se le escapa nada. Es la visi\u00f3n masculina que me faltaba para hacer la combinaci\u00f3n perfecta.<\/p>\n\n\n\n<ul><li><strong>\u00bfEres m\u00e1s de correcci\u00f3n propia o prefieres una correcci\u00f3n de un profesional?<\/strong><\/li><\/ul>\n\n\n\n<p>Propia y profesional. Que el libro salga al mercado en condiciones \u00f3ptimas es fundamental. Las erratas hacen que me ardan los ojos y se me caiga el alma al suelo.<\/p>\n\n\n\n<ul><li><strong>\u00bfQu\u00e9 autor\/a nos recomiendas? \u00bfY, un libro que nos aconsejar\u00edas?<\/strong><\/li><\/ul>\n\n\n\n<p>Hace poco le\u00ed \u201c48 horas antes de ser un zombie\u201d y me gust\u00f3 much\u00edsimo, as\u00ed que, sin duda, voy a recomendar a <a href=\"https:\/\/www.instagram.com\/silvia.p.martin\/\" target=\"_blank\" rel=\"noreferrer noopener\">Silvia P. Martin<\/a>, que adem\u00e1s acaba de publicar nuevo libro: \u201cCasa de sue\u00f1o y pesadilla\u201d. No lo he le\u00eddo todav\u00eda, pero ya lo tengo en mi lista de imprescindibles.<\/p>\n\n\n\n<ul><li><strong>Una curiosidad como exclusiva.<\/strong><\/li><\/ul>\n\n\n\n<p>Pronto habr\u00e1 novedades importantes&#8230; no digo m\u00e1s.<\/p>\n\n\n\n<p class=\"has-vivid-purple-color has-text-color\">Si quer\u00e9is leer la entrevista en el perfil de Mireia, darle \u2764\ufe0f y comentar, pod\u00e9is hacerlo <a href=\"https:\/\/www.instagram.com\/p\/Ciafkbuj4e6\/\" target=\"_blank\" rel=\"noreferrer noopener\">AQU\u00cd<\/a>.<\/p>\n","protected":false},"excerpt":{"rendered":"<p>En esta entrevista realizada por Mireia de @dreamingofmimibooks podr\u00e1s saber un poquito m\u00e1s de la autora de fantas\u00eda juvenil. <\/p>\n","protected":false},"author":2,"featured_media":1310,"comment_status":"closed","ping_status":"open","sticky":false,"template":"","format":"standard","meta":[],"categories":[1],"tags":[11],"yoast_head":"<!-- This site is optimized with the Yoast SEO plugin v16.4 - https:\/\/yoast.com\/wordpress\/plugins\/seo\/ -->\n<meta name=\"description\" content=\"\u00bfQui\u00e9n es Carola Vercaigne? En esta entrevista realizada por Mireia de @dreamingofmimibooks podr\u00e1s saber un poquito m\u00e1s de la autora.\" \/>\n<meta name=\"robots\" content=\"noindex, follow\" \/>\n<meta property=\"og:locale\" content=\"es_ES\" \/>\n<meta property=\"og:type\" content=\"article\" \/>\n<meta property=\"og:title\" content=\"\u00bfQui\u00e9n es Carola Vercaigne?\" \/>\n<meta property=\"og:description\" content=\"En esta entrevista realizada por Mireia de @dreamingofmimibooks podr\u00e1s saber un poquito m\u00e1s de la autora de fantas\u00eda juvenil.\" \/>\n<meta property=\"og:url\" content=\"https:\/\/carolavercaigne.com\/index.php\/entrevista_dreamingofmimibooks\/\" \/>\n<meta property=\"og:site_name\" content=\"Carola Vercaigne\" \/>\n<meta property=\"article:published_time\" content=\"2022-10-17T10:00:00+00:00\" \/>\n<meta property=\"article:modified_time\" content=\"2022-10-17T13:58:35+00:00\" \/>\n<meta property=\"og:image\" content=\"https:\/\/carolavercaigne.com\/wp-content\/uploads\/2022\/10\/Quien-es...-Carola-Vercaigne_.png\" \/>\n\t<meta property=\"og:image:width\" content=\"1640\" \/>\n\t<meta property=\"og:image:height\" content=\"924\" \/>\n<meta name=\"twitter:card\" content=\"summary_large_image\" \/>\n<meta name=\"twitter:title\" content=\"\u00bfQui\u00e9n es Carola Vercaigne?\" \/>\n<meta name=\"twitter:description\" content=\"En esta entrevista realizada por Mireia de @dreamingofmimibooks podr\u00e1s saber un poquito m\u00e1s de la autora de fantas\u00eda juvenil.\" \/>\n<meta name=\"twitter:image\" content=\"https:\/\/carolavercaigne.com\/wp-content\/uploads\/2022\/10\/Quien-es...-Carola-Vercaigne_.png\" \/>\n<meta name=\"twitter:label1\" content=\"Tiempo de lectura\" \/>\n\t<meta name=\"twitter:data1\" content=\"2 minutos\" \/>\n<script type=\"application\/ld+json\" class=\"yoast-schema-graph\">{\"@context\":\"https:\/\/schema.org\",\"@graph\":[{\"@type\":[\"Person\",\"Organization\"],\"@id\":\"https:\/\/carolavercaigne.com\/#\/schema\/person\/0e20eb114ce52348c24fce546930ab39\",\"name\":\"Carola\",\"image\":{\"@type\":\"ImageObject\",\"@id\":\"https:\/\/carolavercaigne.com\/#personlogo\",\"inLanguage\":\"es\",\"url\":\"https:\/\/secure.gravatar.com\/avatar\/9879b20eef827deca00a7c0544465acb?s=96&d=mm&r=g\",\"contentUrl\":\"https:\/\/secure.gravatar.com\/avatar\/9879b20eef827deca00a7c0544465acb?s=96&d=mm&r=g\",\"caption\":\"Carola\"},\"logo\":{\"@id\":\"https:\/\/carolavercaigne.com\/#personlogo\"},\"sameAs\":[\"http:\/\/carolavercaigne.com\"]},{\"@type\":\"WebSite\",\"@id\":\"https:\/\/carolavercaigne.com\/#website\",\"url\":\"https:\/\/carolavercaigne.com\/\",\"name\":\"Carola Vercaigne\",\"description\":\"\",\"publisher\":{\"@id\":\"https:\/\/carolavercaigne.com\/#\/schema\/person\/0e20eb114ce52348c24fce546930ab39\"},\"potentialAction\":[{\"@type\":\"SearchAction\",\"target\":\"https:\/\/carolavercaigne.com\/?s={search_term_string}\",\"query-input\":\"required name=search_term_string\"}],\"inLanguage\":\"es\"},{\"@type\":\"ImageObject\",\"@id\":\"https:\/\/carolavercaigne.com\/index.php\/entrevista_dreamingofmimibooks\/#primaryimage\",\"inLanguage\":\"es\",\"url\":\"https:\/\/carolavercaigne.com\/wp-content\/uploads\/2022\/10\/Quien-es...-Carola-Vercaigne_.png\",\"contentUrl\":\"https:\/\/carolavercaigne.com\/wp-content\/uploads\/2022\/10\/Quien-es...-Carola-Vercaigne_.png\",\"width\":1640,\"height\":924},{\"@type\":\"WebPage\",\"@id\":\"https:\/\/carolavercaigne.com\/index.php\/entrevista_dreamingofmimibooks\/#webpage\",\"url\":\"https:\/\/carolavercaigne.com\/index.php\/entrevista_dreamingofmimibooks\/\",\"name\":\"\\u00bfQui\\u00e9n es... Carola Vercaigne? ~ Carola Vercaigne\",\"isPartOf\":{\"@id\":\"https:\/\/carolavercaigne.com\/#website\"},\"primaryImageOfPage\":{\"@id\":\"https:\/\/carolavercaigne.com\/index.php\/entrevista_dreamingofmimibooks\/#primaryimage\"},\"datePublished\":\"2022-10-17T10:00:00+00:00\",\"dateModified\":\"2022-10-17T13:58:35+00:00\",\"description\":\"\\u00bfQui\\u00e9n es Carola Vercaigne? En esta entrevista realizada por Mireia de @dreamingofmimibooks podr\\u00e1s saber un poquito m\\u00e1s de la autora.\",\"breadcrumb\":{\"@id\":\"https:\/\/carolavercaigne.com\/index.php\/entrevista_dreamingofmimibooks\/#breadcrumb\"},\"inLanguage\":\"es\",\"potentialAction\":[{\"@type\":\"ReadAction\",\"target\":[\"https:\/\/carolavercaigne.com\/index.php\/entrevista_dreamingofmimibooks\/\"]}]},{\"@type\":\"BreadcrumbList\",\"@id\":\"https:\/\/carolavercaigne.com\/index.php\/entrevista_dreamingofmimibooks\/#breadcrumb\",\"itemListElement\":[{\"@type\":\"ListItem\",\"position\":1,\"item\":{\"@type\":\"WebPage\",\"@id\":\"https:\/\/carolavercaigne.com\/\",\"url\":\"https:\/\/carolavercaigne.com\/\",\"name\":\"Portada\"}},{\"@type\":\"ListItem\",\"position\":2,\"item\":{\"@id\":\"https:\/\/carolavercaigne.com\/index.php\/entrevista_dreamingofmimibooks\/#webpage\"}}]},{\"@type\":\"Article\",\"@id\":\"https:\/\/carolavercaigne.com\/index.php\/entrevista_dreamingofmimibooks\/#article\",\"isPartOf\":{\"@id\":\"https:\/\/carolavercaigne.com\/index.php\/entrevista_dreamingofmimibooks\/#webpage\"},\"author\":{\"@id\":\"https:\/\/carolavercaigne.com\/#\/schema\/person\/07b5da434512abefc10e2999d7617224\"},\"headline\":\"\\u00bfQui\\u00e9n es&#8230; Carola Vercaigne?\",\"datePublished\":\"2022-10-17T10:00:00+00:00\",\"dateModified\":\"2022-10-17T13:58:35+00:00\",\"mainEntityOfPage\":{\"@id\":\"https:\/\/carolavercaigne.com\/index.php\/entrevista_dreamingofmimibooks\/#webpage\"},\"wordCount\":409,\"publisher\":{\"@id\":\"https:\/\/carolavercaigne.com\/#\/schema\/person\/0e20eb114ce52348c24fce546930ab39\"},\"image\":{\"@id\":\"https:\/\/carolavercaigne.com\/index.php\/entrevista_dreamingofmimibooks\/#primaryimage\"},\"thumbnailUrl\":\"https:\/\/carolavercaigne.com\/wp-content\/uploads\/2022\/10\/Quien-es...-Carola-Vercaigne.png\",\"keywords\":[\"Entrevista\"],\"inLanguage\":\"es\"},{\"@type\":\"Person\",\"@id\":\"https:\/\/carolavercaigne.com\/#\/schema\/person\/07b5da434512abefc10e2999d7617224\",\"name\":\"Los Curris\",\"image\":{\"@type\":\"ImageObject\",\"@id\":\"https:\/\/carolavercaigne.com\/#personlogo\",\"inLanguage\":\"es\",\"url\":\"https:\/\/secure.gravatar.com\/avatar\/d317bcda9adece249c632f42dcd4edc5?s=96&d=mm&r=g\",\"contentUrl\":\"https:\/\/secure.gravatar.com\/avatar\/d317bcda9adece249c632f42dcd4edc5?s=96&d=mm&r=g\",\"caption\":\"Los Curris\"}}]}<\/script>\n<!-- \/ Yoast SEO plugin. -->","_links":{"self":[{"href":"https:\/\/carolavercaigne.com\/index.php\/wp-json\/wp\/v2\/posts\/1309"}],"collection":[{"href":"https:\/\/carolavercaigne.com\/index.php\/wp-json\/wp\/v2\/posts"}],"about":[{"href":"https:\/\/carolavercaigne.com\/index.php\/wp-json\/wp\/v2\/types\/post"}],"author":[{"embeddable":true,"href":"https:\/\/carolavercaigne.com\/index.php\/wp-json\/wp\/v2\/users\/2"}],"replies":[{"embeddable":true,"href":"https:\/\/carolavercaigne.com\/index.php\/wp-json\/wp\/v2\/comments?post=1309"}],"version-history":[{"count":3,"href":"https:\/\/carolavercaigne.com\/index.php\/wp-json\/wp\/v2\/posts\/1309\/revisions"}],"predecessor-version":[{"id":1314,"href":"https:\/\/carolavercaigne.com\/index.php\/wp-json\/wp\/v2\/posts\/1309\/revisions\/1314"}],"wp:featuredmedia":[{"embeddable":true,"href":"https:\/\/carolavercaigne.com\/index.php\/wp-json\/wp\/v2\/media\/1310"}],"wp:attachment":[{"href":"https:\/\/carolavercaigne.com\/index.php\/wp-json\/wp\/v2\/media?parent=1309"}],"wp:term":[{"taxonomy":"category","embeddable":true,"href":"https:\/\/carolavercaigne.com\/index.php\/wp-json\/wp\/v2\/categories?post=1309"},{"taxonomy":"post_tag","embeddable":true,"href":"https:\/\/carolavercaigne.com\/index.php\/wp-json\/wp\/v2\/tags?post=1309"}],"curies":[{"name":"wp","href":"https:\/\/api.w.org\/{rel}","templated":true}]}}