{"id":692,"date":"2018-05-07T12:00:00","date_gmt":"2018-05-07T12:00:00","guid":{"rendered":"http:\/\/carolavercaigne.com\/?p=692"},"modified":"2020-09-24T11:17:16","modified_gmt":"2020-09-24T11:17:16","slug":"la_camara_magica","status":"publish","type":"post","link":"https:\/\/carolavercaigne.com\/index.php\/la_camara_magica\/","title":{"rendered":"LA C\u00c1MARA DE FOTOS M\u00c1GICA (IG)"},"content":{"rendered":"\n<!--more SIGUE LEYENDO-->\n\n\n\n<p>Tengo una c\u00e1mara m\u00e1gica que capta la esencia de aquellos a los que enfoca. No tiene modo belleza, ni filtros especiales&#8230; la c\u00e1mara, ya lo he dicho, es m\u00e1gica. <\/p>\n\n\n\n<p>Esta podr\u00eda ser una buena escusa para explicar por qu\u00e9 todas y cada una de las fotos que he hecho con ella son preciosas, llenas de encanto. <\/p>\n\n\n\n<p>O quiz\u00e1s&#8230; es mucho m\u00e1s f\u00e1cil que eso y es tan simple como que las personas que me rodean son maravillosas, especiales y bellas en todos los sentidos. <\/p>\n\n\n\n<p>As\u00ed que voy a empezar de nuevo&#8230; <\/p>\n\n\n\n<p class=\"has-text-align-left\">Tengo unas amigas m\u00e1gicas que hacen que sonr\u00eda cada vez que estoy con ellas. <\/p>\n\n\n\n<p>Tengo unas amigas capaces de quitame de un codazo y un gui\u00f1o la tristeza, el hast\u00edo o la frustraci\u00f3n. <\/p>\n\n\n\n<p>Tengo unas amigas que convierten las tonter\u00edas en tonter\u00edas, para que en vez de enfadarme me ria. <\/p>\n\n\n\n<p>Tengo unas amigas que valen su peso en diamantes. <\/p>\n\n\n\n<p>Tengo suerte, y lo s\u00e9. <\/p>\n\n\n\n<p><a href=\"https:\/\/www.instagram.com\/hnicholsillustration\/\">Holly Nichols<\/a> tambi\u00e9n debe saberlo porque siempre est\u00e1 haciendo dibujos de las tres. (No puede ser casualidad que sus musas sean tres chicas tan parecidas a nosotras en f\u00edsico y estilo). <\/p>\n\n\n\n<p>Las casualidades no existen y, para bien o para mal, <strong>TODO PASA POR ALGO,<\/strong> \u00bfverdad? <\/p>\n\n\n\n<p>Eso digo yo.<\/p>\n\n\n\n<p class=\"has-small-font-size\">Si quieres darle \u2764\ufe0f a este post y adem\u00e1s dejar un comentario pincha <a href=\"https:\/\/www.instagram.com\/p\/BieWp-aHff0\/\" target=\"_blank\" rel=\"noreferrer noopener\"><strong><span class=\"has-inline-color has-vivid-red-color\">AQU\u00cd<\/span><\/strong><\/a><\/p>\n","protected":false},"excerpt":{"rendered":"<p>Tengo una c\u00e1mara m\u00e1gica que capta la esencia de aquellos a los que enfoca. No tiene modo belleza, ni filtros especiales&#8230;<\/p>\n","protected":false},"author":1,"featured_media":693,"comment_status":"closed","ping_status":"open","sticky":false,"template":"","format":"standard","meta":[],"categories":[1],"tags":[13],"yoast_head":"<!-- This site is optimized with the Yoast SEO plugin v16.4 - https:\/\/yoast.com\/wordpress\/plugins\/seo\/ -->\n<meta name=\"description\" content=\"Tengo una c\u00e1mara m\u00e1gica que capta la esencia de aquellos a los que enfoca. No tiene modo belleza, ni filtros especiales...\" \/>\n<meta name=\"robots\" content=\"index, follow, max-snippet:-1, max-image-preview:large, max-video-preview:-1\" \/>\n<link rel=\"canonical\" href=\"https:\/\/carolavercaigne.com\/index.php\/la_camara_magica\/\" \/>\n<meta property=\"og:locale\" content=\"es_ES\" \/>\n<meta property=\"og:type\" content=\"article\" \/>\n<meta property=\"og:title\" content=\"LA C\u00c1MARA DE FOTOS M\u00c1GICA (IG) ~ Carola Vercaigne\" \/>\n<meta property=\"og:description\" content=\"Tengo una c\u00e1mara m\u00e1gica que capta la esencia de aquellos a los que enfoca. No tiene modo belleza, ni filtros especiales...\" \/>\n<meta property=\"og:url\" content=\"https:\/\/carolavercaigne.com\/index.php\/la_camara_magica\/\" \/>\n<meta property=\"og:site_name\" content=\"Carola Vercaigne\" \/>\n<meta property=\"article:published_time\" content=\"2018-05-07T12:00:00+00:00\" \/>\n<meta property=\"article:modified_time\" content=\"2020-09-24T11:17:16+00:00\" \/>\n<meta property=\"og:image\" content=\"http:\/\/carolavercaigne.com\/wp-content\/uploads\/2020\/09\/camara-magica.jpg\" \/>\n\t<meta property=\"og:image:width\" content=\"700\" \/>\n\t<meta property=\"og:image:height\" content=\"311\" \/>\n<meta name=\"twitter:card\" content=\"summary_large_image\" \/>\n<meta name=\"twitter:label1\" content=\"Tiempo de lectura\" \/>\n\t<meta name=\"twitter:data1\" content=\"1 minuto\" \/>\n<script type=\"application\/ld+json\" class=\"yoast-schema-graph\">{\"@context\":\"https:\/\/schema.org\",\"@graph\":[{\"@type\":\"WebSite\",\"@id\":\"https:\/\/carolavercaigne.com\/#website\",\"url\":\"https:\/\/carolavercaigne.com\/\",\"name\":\"Carola Vercaigne\",\"description\":\"\",\"publisher\":{\"@id\":\"https:\/\/carolavercaigne.com\/#\/schema\/person\/0e20eb114ce52348c24fce546930ab39\"},\"potentialAction\":[{\"@type\":\"SearchAction\",\"target\":\"https:\/\/carolavercaigne.com\/?s={search_term_string}\",\"query-input\":\"required name=search_term_string\"}],\"inLanguage\":\"es\"},{\"@type\":\"ImageObject\",\"@id\":\"https:\/\/carolavercaigne.com\/index.php\/la_camara_magica\/#primaryimage\",\"inLanguage\":\"es\",\"url\":\"https:\/\/carolavercaigne.com\/wp-content\/uploads\/2020\/09\/camara-magica.jpg\",\"contentUrl\":\"https:\/\/carolavercaigne.com\/wp-content\/uploads\/2020\/09\/camara-magica.jpg\",\"width\":700,\"height\":311},{\"@type\":\"WebPage\",\"@id\":\"https:\/\/carolavercaigne.com\/index.php\/la_camara_magica\/#webpage\",\"url\":\"https:\/\/carolavercaigne.com\/index.php\/la_camara_magica\/\",\"name\":\"LA C\\u00c1MARA DE FOTOS M\\u00c1GICA (IG) ~ Carola Vercaigne\",\"isPartOf\":{\"@id\":\"https:\/\/carolavercaigne.com\/#website\"},\"primaryImageOfPage\":{\"@id\":\"https:\/\/carolavercaigne.com\/index.php\/la_camara_magica\/#primaryimage\"},\"datePublished\":\"2018-05-07T12:00:00+00:00\",\"dateModified\":\"2020-09-24T11:17:16+00:00\",\"description\":\"Tengo una c\\u00e1mara m\\u00e1gica que capta la esencia de aquellos a los que enfoca. No tiene modo belleza, ni filtros especiales...\",\"breadcrumb\":{\"@id\":\"https:\/\/carolavercaigne.com\/index.php\/la_camara_magica\/#breadcrumb\"},\"inLanguage\":\"es\",\"potentialAction\":[{\"@type\":\"ReadAction\",\"target\":[\"https:\/\/carolavercaigne.com\/index.php\/la_camara_magica\/\"]}]},{\"@type\":\"BreadcrumbList\",\"@id\":\"https:\/\/carolavercaigne.com\/index.php\/la_camara_magica\/#breadcrumb\",\"itemListElement\":[{\"@type\":\"ListItem\",\"position\":1,\"item\":{\"@type\":\"WebPage\",\"@id\":\"https:\/\/carolavercaigne.com\/\",\"url\":\"https:\/\/carolavercaigne.com\/\",\"name\":\"Portada\"}},{\"@type\":\"ListItem\",\"position\":2,\"item\":{\"@id\":\"https:\/\/carolavercaigne.com\/index.php\/la_camara_magica\/#webpage\"}}]},{\"@type\":\"Article\",\"@id\":\"https:\/\/carolavercaigne.com\/index.php\/la_camara_magica\/#article\",\"isPartOf\":{\"@id\":\"https:\/\/carolavercaigne.com\/index.php\/la_camara_magica\/#webpage\"},\"author\":{\"@id\":\"https:\/\/carolavercaigne.com\/#\/schema\/person\/0e20eb114ce52348c24fce546930ab39\"},\"headline\":\"LA C\\u00c1MARA DE FOTOS M\\u00c1GICA (IG)\",\"datePublished\":\"2018-05-07T12:00:00+00:00\",\"dateModified\":\"2020-09-24T11:17:16+00:00\",\"mainEntityOfPage\":{\"@id\":\"https:\/\/carolavercaigne.com\/index.php\/la_camara_magica\/#webpage\"},\"wordCount\":243,\"publisher\":{\"@id\":\"https:\/\/carolavercaigne.com\/#\/schema\/person\/0e20eb114ce52348c24fce546930ab39\"},\"image\":{\"@id\":\"https:\/\/carolavercaigne.com\/index.php\/la_camara_magica\/#primaryimage\"},\"thumbnailUrl\":\"https:\/\/carolavercaigne.com\/wp-content\/uploads\/2020\/09\/camara-magica.jpg\",\"keywords\":[\"Instagram\"],\"inLanguage\":\"es\"},{\"@type\":[\"Person\",\"Organization\"],\"@id\":\"https:\/\/carolavercaigne.com\/#\/schema\/person\/0e20eb114ce52348c24fce546930ab39\",\"name\":\"Carola\",\"image\":{\"@type\":\"ImageObject\",\"@id\":\"https:\/\/carolavercaigne.com\/#personlogo\",\"inLanguage\":\"es\",\"url\":\"https:\/\/secure.gravatar.com\/avatar\/9879b20eef827deca00a7c0544465acb?s=96&d=mm&r=g\",\"contentUrl\":\"https:\/\/secure.gravatar.com\/avatar\/9879b20eef827deca00a7c0544465acb?s=96&d=mm&r=g\",\"caption\":\"Carola\"},\"logo\":{\"@id\":\"https:\/\/carolavercaigne.com\/#personlogo\"},\"sameAs\":[\"http:\/\/carolavercaigne.com\"]}]}<\/script>\n<!-- \/ Yoast SEO plugin. -->","_links":{"self":[{"href":"https:\/\/carolavercaigne.com\/index.php\/wp-json\/wp\/v2\/posts\/692"}],"collection":[{"href":"https:\/\/carolavercaigne.com\/index.php\/wp-json\/wp\/v2\/posts"}],"about":[{"href":"https:\/\/carolavercaigne.com\/index.php\/wp-json\/wp\/v2\/types\/post"}],"author":[{"embeddable":true,"href":"https:\/\/carolavercaigne.com\/index.php\/wp-json\/wp\/v2\/users\/1"}],"replies":[{"embeddable":true,"href":"https:\/\/carolavercaigne.com\/index.php\/wp-json\/wp\/v2\/comments?post=692"}],"version-history":[{"count":5,"href":"https:\/\/carolavercaigne.com\/index.php\/wp-json\/wp\/v2\/posts\/692\/revisions"}],"predecessor-version":[{"id":777,"href":"https:\/\/carolavercaigne.com\/index.php\/wp-json\/wp\/v2\/posts\/692\/revisions\/777"}],"wp:featuredmedia":[{"embeddable":true,"href":"https:\/\/carolavercaigne.com\/index.php\/wp-json\/wp\/v2\/media\/693"}],"wp:attachment":[{"href":"https:\/\/carolavercaigne.com\/index.php\/wp-json\/wp\/v2\/media?parent=692"}],"wp:term":[{"taxonomy":"category","embeddable":true,"href":"https:\/\/carolavercaigne.com\/index.php\/wp-json\/wp\/v2\/categories?post=692"},{"taxonomy":"post_tag","embeddable":true,"href":"https:\/\/carolavercaigne.com\/index.php\/wp-json\/wp\/v2\/tags?post=692"}],"curies":[{"name":"wp","href":"https:\/\/api.w.org\/{rel}","templated":true}]}}