{"id":730,"date":"2020-08-18T12:00:37","date_gmt":"2020-08-18T12:00:37","guid":{"rendered":"http:\/\/carolavercaigne.com\/?p=730"},"modified":"2020-09-24T10:37:56","modified_gmt":"2020-09-24T10:37:56","slug":"especial","status":"publish","type":"post","link":"https:\/\/carolavercaigne.com\/index.php\/especial\/","title":{"rendered":"ESPECIAL (IG)"},"content":{"rendered":"\n<!--more sigue leyendo-->\n\n\n\n<blockquote class=\"wp-block-quote\"><p><strong>ESPECIAL.<\/strong><\/p><p>Del lat. <em>speci\u0101lis.<\/em><\/p><p>1. <em>adj.<\/em> Singular o particular, que se diferencia de lo com\u00fan o general.<\/p><p>2. <em>adj.<\/em> Muy adecuado o propio para alg\u00fan efecto.<\/p><p>3.<em> adj<\/em>. Que est\u00e1 destinado a un fin concreto y espor\u00e1dico.<\/p><p>4. <em>adj.<\/em> Que est\u00e1 por encima de lo normal o habitual por significativo o estimado.<\/p><\/blockquote>\n\n\n\n<p>Hoy para m\u00ed es ESPECIAL en todos los sentidos. Es el cumple de una de mis mejores amigas, una persona incre\u00edble, maravillosa, \u00fanica. Ella es as\u00ed, es ESPECIAL y tengo suerte, porque con su amistad tambi\u00e9n me hace ESPECIAL a m\u00ed.<\/p>\n\n\n\n<p>Adem\u00e1s de porque sea el cumple de mi amiga, este d\u00eda tambi\u00e9n es ESPECIAL por otro motivo \u2014aunque en menor magnitud\u2014. Estoy ansiosa y es porque ya est\u00e1 casi lista la novela que publicar\u00e9 en breve. No le queda nada, apenas unos toques de varita. <\/p>\n\n\n\n<p>Y es ESPECIAL, una historia tan ESPECIAL que es imposible que no te deje cicatriz en el coraz\u00f3n. \u00bfTe gustan los retellings? Bueno, bueno, mejor me callo que me pueden las ganas y me adelanto.<\/p>\n\n\n\n<p>\u00a1\u00a1Pero qu\u00e9 felicidad!!<\/p>\n\n\n\n<p>Me doy cuenta que por un motivo u otro, cada latido, cada inhalaci\u00f3n, cada instante, cada persona que se cruza por nuestro lado puede ser ESPECIAL, todo depende de nosotros, del ojo con el que miramos y las ganas con las que sentimos.<\/p>\n\n\n\n<p>\u00bfTe han dicho alguna vez que eres ESPECIAL? \u00bfHas vivido un d\u00eda ESPECIAL como ning\u00fan otro?<\/p>\n\n\n\n<p>Si no te lo han dicho, te lo digo yo: <\/p>\n\n\n\n<p class=\"has-text-align-center\"><strong>ERES ESPECIAL, HOY ES ESPECIAL<\/strong><\/p>\n\n\n\n<p class=\"has-small-font-size\">Si quieres darle \u2764\ufe0f a este post y adem\u00e1s dejar un comentario pincha <strong><a href=\"https:\/\/www.instagram.com\/p\/CEBo7KcCzX9\/\" target=\"_blank\" rel=\"noreferrer noopener\"><span class=\"has-inline-color has-vivid-red-color\">AQU\u00cd<\/span><\/a><\/strong><\/p>\n","protected":false},"excerpt":{"rendered":"<p>ESPECIAL. Del lat. speci\u0101lis.<br \/>\n1. adj. Singular o particular, que se diferencia de lo com\u00fan o general. 2. adj. Que est\u00e1 por encima de lo normal&#8230;<\/p>\n","protected":false},"author":1,"featured_media":731,"comment_status":"open","ping_status":"open","sticky":false,"template":"","format":"standard","meta":[],"categories":[1],"tags":[13,14],"yoast_head":"<!-- This site is optimized with the Yoast SEO plugin v16.4 - https:\/\/yoast.com\/wordpress\/plugins\/seo\/ -->\n<meta name=\"description\" content=\"ESPECIAL. Del lat. speci\u0101lis. 1. adj. Singular o particular, que se diferencia de lo com\u00fan o general. Que est\u00e1 por encima de lo normal...\" \/>\n<meta name=\"robots\" content=\"index, follow, max-snippet:-1, max-image-preview:large, max-video-preview:-1\" \/>\n<link rel=\"canonical\" href=\"https:\/\/carolavercaigne.com\/index.php\/especial\/\" \/>\n<meta property=\"og:locale\" content=\"es_ES\" \/>\n<meta property=\"og:type\" content=\"article\" \/>\n<meta property=\"og:title\" content=\"ESPECIAL (IG) ~ Carola Vercaigne\" \/>\n<meta property=\"og:description\" content=\"ESPECIAL. Del lat. speci\u0101lis. 1. adj. Singular o particular, que se diferencia de lo com\u00fan o general. Que est\u00e1 por encima de lo normal...\" \/>\n<meta property=\"og:url\" content=\"https:\/\/carolavercaigne.com\/index.php\/especial\/\" \/>\n<meta property=\"og:site_name\" content=\"Carola Vercaigne\" \/>\n<meta property=\"article:published_time\" content=\"2020-08-18T12:00:37+00:00\" \/>\n<meta property=\"article:modified_time\" content=\"2020-09-24T10:37:56+00:00\" \/>\n<meta property=\"og:image\" content=\"http:\/\/carolavercaigne.com\/wp-content\/uploads\/2020\/09\/Especial.jpg\" \/>\n\t<meta property=\"og:image:width\" content=\"700\" \/>\n\t<meta property=\"og:image:height\" content=\"311\" \/>\n<meta name=\"twitter:card\" content=\"summary_large_image\" \/>\n<meta name=\"twitter:label1\" content=\"Tiempo de lectura\" \/>\n\t<meta name=\"twitter:data1\" content=\"1 minuto\" \/>\n<script type=\"application\/ld+json\" class=\"yoast-schema-graph\">{\"@context\":\"https:\/\/schema.org\",\"@graph\":[{\"@type\":\"WebSite\",\"@id\":\"https:\/\/carolavercaigne.com\/#website\",\"url\":\"https:\/\/carolavercaigne.com\/\",\"name\":\"Carola Vercaigne\",\"description\":\"\",\"publisher\":{\"@id\":\"https:\/\/carolavercaigne.com\/#\/schema\/person\/0e20eb114ce52348c24fce546930ab39\"},\"potentialAction\":[{\"@type\":\"SearchAction\",\"target\":\"https:\/\/carolavercaigne.com\/?s={search_term_string}\",\"query-input\":\"required name=search_term_string\"}],\"inLanguage\":\"es\"},{\"@type\":\"ImageObject\",\"@id\":\"https:\/\/carolavercaigne.com\/index.php\/especial\/#primaryimage\",\"inLanguage\":\"es\",\"url\":\"https:\/\/carolavercaigne.com\/wp-content\/uploads\/2020\/09\/Especial.jpg\",\"contentUrl\":\"https:\/\/carolavercaigne.com\/wp-content\/uploads\/2020\/09\/Especial.jpg\",\"width\":700,\"height\":311},{\"@type\":\"WebPage\",\"@id\":\"https:\/\/carolavercaigne.com\/index.php\/especial\/#webpage\",\"url\":\"https:\/\/carolavercaigne.com\/index.php\/especial\/\",\"name\":\"ESPECIAL (IG) ~ Carola Vercaigne\",\"isPartOf\":{\"@id\":\"https:\/\/carolavercaigne.com\/#website\"},\"primaryImageOfPage\":{\"@id\":\"https:\/\/carolavercaigne.com\/index.php\/especial\/#primaryimage\"},\"datePublished\":\"2020-08-18T12:00:37+00:00\",\"dateModified\":\"2020-09-24T10:37:56+00:00\",\"description\":\"ESPECIAL. Del lat. speci\\u0101lis. 1. adj. Singular o particular, que se diferencia de lo com\\u00fan o general. Que est\\u00e1 por encima de lo normal...\",\"breadcrumb\":{\"@id\":\"https:\/\/carolavercaigne.com\/index.php\/especial\/#breadcrumb\"},\"inLanguage\":\"es\",\"potentialAction\":[{\"@type\":\"ReadAction\",\"target\":[\"https:\/\/carolavercaigne.com\/index.php\/especial\/\"]}]},{\"@type\":\"BreadcrumbList\",\"@id\":\"https:\/\/carolavercaigne.com\/index.php\/especial\/#breadcrumb\",\"itemListElement\":[{\"@type\":\"ListItem\",\"position\":1,\"item\":{\"@type\":\"WebPage\",\"@id\":\"https:\/\/carolavercaigne.com\/\",\"url\":\"https:\/\/carolavercaigne.com\/\",\"name\":\"Portada\"}},{\"@type\":\"ListItem\",\"position\":2,\"item\":{\"@id\":\"https:\/\/carolavercaigne.com\/index.php\/especial\/#webpage\"}}]},{\"@type\":\"Article\",\"@id\":\"https:\/\/carolavercaigne.com\/index.php\/especial\/#article\",\"isPartOf\":{\"@id\":\"https:\/\/carolavercaigne.com\/index.php\/especial\/#webpage\"},\"author\":{\"@id\":\"https:\/\/carolavercaigne.com\/#\/schema\/person\/0e20eb114ce52348c24fce546930ab39\"},\"headline\":\"ESPECIAL (IG)\",\"datePublished\":\"2020-08-18T12:00:37+00:00\",\"dateModified\":\"2020-09-24T10:37:56+00:00\",\"mainEntityOfPage\":{\"@id\":\"https:\/\/carolavercaigne.com\/index.php\/especial\/#webpage\"},\"wordCount\":275,\"commentCount\":0,\"publisher\":{\"@id\":\"https:\/\/carolavercaigne.com\/#\/schema\/person\/0e20eb114ce52348c24fce546930ab39\"},\"image\":{\"@id\":\"https:\/\/carolavercaigne.com\/index.php\/especial\/#primaryimage\"},\"thumbnailUrl\":\"https:\/\/carolavercaigne.com\/wp-content\/uploads\/2020\/09\/Especial.jpg\",\"keywords\":[\"Instagram\",\"ULDElibro\"],\"inLanguage\":\"es\",\"potentialAction\":[{\"@type\":\"CommentAction\",\"name\":\"Comment\",\"target\":[\"https:\/\/carolavercaigne.com\/index.php\/especial\/#respond\"]}]},{\"@type\":[\"Person\",\"Organization\"],\"@id\":\"https:\/\/carolavercaigne.com\/#\/schema\/person\/0e20eb114ce52348c24fce546930ab39\",\"name\":\"Carola\",\"image\":{\"@type\":\"ImageObject\",\"@id\":\"https:\/\/carolavercaigne.com\/#personlogo\",\"inLanguage\":\"es\",\"url\":\"https:\/\/secure.gravatar.com\/avatar\/9879b20eef827deca00a7c0544465acb?s=96&d=mm&r=g\",\"contentUrl\":\"https:\/\/secure.gravatar.com\/avatar\/9879b20eef827deca00a7c0544465acb?s=96&d=mm&r=g\",\"caption\":\"Carola\"},\"logo\":{\"@id\":\"https:\/\/carolavercaigne.com\/#personlogo\"},\"sameAs\":[\"http:\/\/carolavercaigne.com\"]}]}<\/script>\n<!-- \/ Yoast SEO plugin. -->","_links":{"self":[{"href":"https:\/\/carolavercaigne.com\/index.php\/wp-json\/wp\/v2\/posts\/730"}],"collection":[{"href":"https:\/\/carolavercaigne.com\/index.php\/wp-json\/wp\/v2\/posts"}],"about":[{"href":"https:\/\/carolavercaigne.com\/index.php\/wp-json\/wp\/v2\/types\/post"}],"author":[{"embeddable":true,"href":"https:\/\/carolavercaigne.com\/index.php\/wp-json\/wp\/v2\/users\/1"}],"replies":[{"embeddable":true,"href":"https:\/\/carolavercaigne.com\/index.php\/wp-json\/wp\/v2\/comments?post=730"}],"version-history":[{"count":2,"href":"https:\/\/carolavercaigne.com\/index.php\/wp-json\/wp\/v2\/posts\/730\/revisions"}],"predecessor-version":[{"id":769,"href":"https:\/\/carolavercaigne.com\/index.php\/wp-json\/wp\/v2\/posts\/730\/revisions\/769"}],"wp:featuredmedia":[{"embeddable":true,"href":"https:\/\/carolavercaigne.com\/index.php\/wp-json\/wp\/v2\/media\/731"}],"wp:attachment":[{"href":"https:\/\/carolavercaigne.com\/index.php\/wp-json\/wp\/v2\/media?parent=730"}],"wp:term":[{"taxonomy":"category","embeddable":true,"href":"https:\/\/carolavercaigne.com\/index.php\/wp-json\/wp\/v2\/categories?post=730"},{"taxonomy":"post_tag","embeddable":true,"href":"https:\/\/carolavercaigne.com\/index.php\/wp-json\/wp\/v2\/tags?post=730"}],"curies":[{"name":"wp","href":"https:\/\/api.w.org\/{rel}","templated":true}]}}