{"id":739,"date":"2020-09-03T12:00:00","date_gmt":"2020-09-03T12:00:00","guid":{"rendered":"http:\/\/carolavercaigne.com\/?p=739"},"modified":"2020-09-28T11:39:05","modified_gmt":"2020-09-28T11:39:05","slug":"alma","status":"publish","type":"post","link":"https:\/\/carolavercaigne.com\/index.php\/alma\/","title":{"rendered":"EL ALMA, EL CORAZ\u00d3N Y HASTA EL H\u00cdGADO (IG)"},"content":{"rendered":"\n<!--more sigue leyendo-->\n\n\n\n<p>El proceso de escritura es mucho m\u00e1s que teclear letras, formar palabras y, con \u00e9stas, frases completas que te cuentan una historia. Escribir es volcar en cada p\u00e1rrafo un poco de ti mismo, tu esencia, tu alma, <strong>TU TODO<\/strong>.<\/p>\n\n\n\n<p>Estoy segura que alguna vez has escuchado a alg\u00fan escritor o escritora llamando a su libro: \u201c<em>Mi beb\u00e9<\/em>\u201d. Es raro que a un escritor no se le escape este calificativo en alg\u00fan momento. Los libros son nuestros hijos, nuestras peque\u00f1as creaciones\/aberraciones y por eso queremos que los traten con cari\u00f1o, que los cuiden, los mimen y, si puede ser, que los amen con locura.<\/p>\n\n\n\n<p>Hace muy poquito que mi nuevo libro: \u201c<em><a href=\"https:\/\/carolavercaigne.com\/index.php\/un-lugar-donde-encontrarnos\/\" target=\"_blank\" rel=\"noreferrer noopener\">Un lugar donde encontrarnos<\/a><\/em>\u201d vio la luz.<\/p>\n\n\n\n<p>Esta historia llevaba a\u00f1os en mi cabeza, pase\u00e1ndose por mis pensamientos y gritando con insistencia para que la contara. Por fin, gracias a una buena amiga (<a href=\"https:\/\/www.instagram.com\/losarcoirisdemoree\/\">@losarcoirisdemoree<\/a>) consegu\u00ed deshacerme de la apat\u00eda y empec\u00e9 a escribirla.<\/p>\n\n\n\n<p>Estoy muy contenta con el resultado, pero m\u00e1s contenta estoy porque tengo el control total y absoluto de \u201c<em>MI BEB\u00c9<\/em>\u201d. S\u00ed, puede que haga gui\u00f1os raros y babee cuando est\u00e1 concentrado, pero para m\u00ed esto no es ning\u00fan problema, se puede mejorar. Todo es cuesti\u00f3n de esforzarse, de poner el alma, el coraz\u00f3n, el h\u00edgado y lo que haga falta. Al final, ser\u00e1 <strong>PERFECTO<\/strong>.<\/p>\n\n\n\n<p>O quiz\u00e1s ya lo sea. ?<\/p>\n\n\n\n<p class=\"has-small-font-size\">Si quieres darle \u2764\ufe0f a este post y adem\u00e1s dejar un comentario pincha <strong><a href=\"https:\/\/www.instagram.com\/p\/CErDLg9CSC0\/\" target=\"_blank\" rel=\"noreferrer noopener\"><span class=\"has-inline-color has-pale-pink-color\">AQU\u00cd<\/span><\/a><\/strong><\/p>\n","protected":false},"excerpt":{"rendered":"<p>El proceso de escritura es mucho m\u00e1s que teclear letras, Escribir es volcar en cada p\u00e1rrafo un poco de ti mismo, tu alma, TU TODO&#8230;<\/p>\n","protected":false},"author":1,"featured_media":740,"comment_status":"closed","ping_status":"open","sticky":false,"template":"","format":"standard","meta":[],"categories":[1],"tags":[13,17,14],"yoast_head":"<!-- This site is optimized with the Yoast SEO plugin v16.4 - https:\/\/yoast.com\/wordpress\/plugins\/seo\/ -->\n<meta name=\"description\" content=\"El proceso de escritura es mucho m\u00e1s que teclear letras, Escribir es volcar en cada p\u00e1rrafo un poco de ti mismo, tu alma, TU TODO...\" \/>\n<meta name=\"robots\" content=\"index, follow, max-snippet:-1, max-image-preview:large, max-video-preview:-1\" \/>\n<link rel=\"canonical\" href=\"https:\/\/carolavercaigne.com\/index.php\/alma\/\" \/>\n<meta property=\"og:locale\" content=\"es_ES\" \/>\n<meta property=\"og:type\" content=\"article\" \/>\n<meta property=\"og:title\" content=\"EL ALMA, EL CORAZ\u00d3N Y HASTA EL H\u00cdGADO (IG) ~ Carola Vercaigne\" \/>\n<meta property=\"og:description\" content=\"El proceso de escritura es mucho m\u00e1s que teclear letras, Escribir es volcar en cada p\u00e1rrafo un poco de ti mismo, tu alma, TU TODO...\" \/>\n<meta property=\"og:url\" content=\"https:\/\/carolavercaigne.com\/index.php\/alma\/\" \/>\n<meta property=\"og:site_name\" content=\"Carola Vercaigne\" \/>\n<meta property=\"article:published_time\" content=\"2020-09-03T12:00:00+00:00\" \/>\n<meta property=\"article:modified_time\" content=\"2020-09-28T11:39:05+00:00\" \/>\n<meta property=\"og:image\" content=\"http:\/\/carolavercaigne.com\/wp-content\/uploads\/2020\/09\/Alma.png\" \/>\n\t<meta property=\"og:image:width\" content=\"700\" \/>\n\t<meta property=\"og:image:height\" content=\"311\" \/>\n<meta name=\"twitter:card\" content=\"summary_large_image\" \/>\n<meta name=\"twitter:label1\" content=\"Tiempo de lectura\" \/>\n\t<meta name=\"twitter:data1\" content=\"1 minuto\" \/>\n<script type=\"application\/ld+json\" class=\"yoast-schema-graph\">{\"@context\":\"https:\/\/schema.org\",\"@graph\":[{\"@type\":\"WebSite\",\"@id\":\"https:\/\/carolavercaigne.com\/#website\",\"url\":\"https:\/\/carolavercaigne.com\/\",\"name\":\"Carola Vercaigne\",\"description\":\"\",\"publisher\":{\"@id\":\"https:\/\/carolavercaigne.com\/#\/schema\/person\/0e20eb114ce52348c24fce546930ab39\"},\"potentialAction\":[{\"@type\":\"SearchAction\",\"target\":\"https:\/\/carolavercaigne.com\/?s={search_term_string}\",\"query-input\":\"required name=search_term_string\"}],\"inLanguage\":\"es\"},{\"@type\":\"ImageObject\",\"@id\":\"https:\/\/carolavercaigne.com\/index.php\/alma\/#primaryimage\",\"inLanguage\":\"es\",\"url\":\"https:\/\/carolavercaigne.com\/wp-content\/uploads\/2020\/09\/Alma.png\",\"contentUrl\":\"https:\/\/carolavercaigne.com\/wp-content\/uploads\/2020\/09\/Alma.png\",\"width\":700,\"height\":311},{\"@type\":\"WebPage\",\"@id\":\"https:\/\/carolavercaigne.com\/index.php\/alma\/#webpage\",\"url\":\"https:\/\/carolavercaigne.com\/index.php\/alma\/\",\"name\":\"EL ALMA, EL CORAZ\\u00d3N Y HASTA EL H\\u00cdGADO (IG) ~ Carola Vercaigne\",\"isPartOf\":{\"@id\":\"https:\/\/carolavercaigne.com\/#website\"},\"primaryImageOfPage\":{\"@id\":\"https:\/\/carolavercaigne.com\/index.php\/alma\/#primaryimage\"},\"datePublished\":\"2020-09-03T12:00:00+00:00\",\"dateModified\":\"2020-09-28T11:39:05+00:00\",\"description\":\"El proceso de escritura es mucho m\\u00e1s que teclear letras, Escribir es volcar en cada p\\u00e1rrafo un poco de ti mismo, tu alma, TU TODO...\",\"breadcrumb\":{\"@id\":\"https:\/\/carolavercaigne.com\/index.php\/alma\/#breadcrumb\"},\"inLanguage\":\"es\",\"potentialAction\":[{\"@type\":\"ReadAction\",\"target\":[\"https:\/\/carolavercaigne.com\/index.php\/alma\/\"]}]},{\"@type\":\"BreadcrumbList\",\"@id\":\"https:\/\/carolavercaigne.com\/index.php\/alma\/#breadcrumb\",\"itemListElement\":[{\"@type\":\"ListItem\",\"position\":1,\"item\":{\"@type\":\"WebPage\",\"@id\":\"https:\/\/carolavercaigne.com\/\",\"url\":\"https:\/\/carolavercaigne.com\/\",\"name\":\"Portada\"}},{\"@type\":\"ListItem\",\"position\":2,\"item\":{\"@id\":\"https:\/\/carolavercaigne.com\/index.php\/alma\/#webpage\"}}]},{\"@type\":\"Article\",\"@id\":\"https:\/\/carolavercaigne.com\/index.php\/alma\/#article\",\"isPartOf\":{\"@id\":\"https:\/\/carolavercaigne.com\/index.php\/alma\/#webpage\"},\"author\":{\"@id\":\"https:\/\/carolavercaigne.com\/#\/schema\/person\/0e20eb114ce52348c24fce546930ab39\"},\"headline\":\"EL ALMA, EL CORAZ\\u00d3N Y HASTA EL H\\u00cdGADO (IG)\",\"datePublished\":\"2020-09-03T12:00:00+00:00\",\"dateModified\":\"2020-09-28T11:39:05+00:00\",\"mainEntityOfPage\":{\"@id\":\"https:\/\/carolavercaigne.com\/index.php\/alma\/#webpage\"},\"wordCount\":264,\"publisher\":{\"@id\":\"https:\/\/carolavercaigne.com\/#\/schema\/person\/0e20eb114ce52348c24fce546930ab39\"},\"image\":{\"@id\":\"https:\/\/carolavercaigne.com\/index.php\/alma\/#primaryimage\"},\"thumbnailUrl\":\"https:\/\/carolavercaigne.com\/wp-content\/uploads\/2020\/09\/Alma.png\",\"keywords\":[\"Instagram\",\"Mis Libros\",\"ULDElibro\"],\"inLanguage\":\"es\"},{\"@type\":[\"Person\",\"Organization\"],\"@id\":\"https:\/\/carolavercaigne.com\/#\/schema\/person\/0e20eb114ce52348c24fce546930ab39\",\"name\":\"Carola\",\"image\":{\"@type\":\"ImageObject\",\"@id\":\"https:\/\/carolavercaigne.com\/#personlogo\",\"inLanguage\":\"es\",\"url\":\"https:\/\/secure.gravatar.com\/avatar\/9879b20eef827deca00a7c0544465acb?s=96&d=mm&r=g\",\"contentUrl\":\"https:\/\/secure.gravatar.com\/avatar\/9879b20eef827deca00a7c0544465acb?s=96&d=mm&r=g\",\"caption\":\"Carola\"},\"logo\":{\"@id\":\"https:\/\/carolavercaigne.com\/#personlogo\"},\"sameAs\":[\"http:\/\/carolavercaigne.com\"]}]}<\/script>\n<!-- \/ Yoast SEO plugin. -->","_links":{"self":[{"href":"https:\/\/carolavercaigne.com\/index.php\/wp-json\/wp\/v2\/posts\/739"}],"collection":[{"href":"https:\/\/carolavercaigne.com\/index.php\/wp-json\/wp\/v2\/posts"}],"about":[{"href":"https:\/\/carolavercaigne.com\/index.php\/wp-json\/wp\/v2\/types\/post"}],"author":[{"embeddable":true,"href":"https:\/\/carolavercaigne.com\/index.php\/wp-json\/wp\/v2\/users\/1"}],"replies":[{"embeddable":true,"href":"https:\/\/carolavercaigne.com\/index.php\/wp-json\/wp\/v2\/comments?post=739"}],"version-history":[{"count":2,"href":"https:\/\/carolavercaigne.com\/index.php\/wp-json\/wp\/v2\/posts\/739\/revisions"}],"predecessor-version":[{"id":766,"href":"https:\/\/carolavercaigne.com\/index.php\/wp-json\/wp\/v2\/posts\/739\/revisions\/766"}],"wp:featuredmedia":[{"embeddable":true,"href":"https:\/\/carolavercaigne.com\/index.php\/wp-json\/wp\/v2\/media\/740"}],"wp:attachment":[{"href":"https:\/\/carolavercaigne.com\/index.php\/wp-json\/wp\/v2\/media?parent=739"}],"wp:term":[{"taxonomy":"category","embeddable":true,"href":"https:\/\/carolavercaigne.com\/index.php\/wp-json\/wp\/v2\/categories?post=739"},{"taxonomy":"post_tag","embeddable":true,"href":"https:\/\/carolavercaigne.com\/index.php\/wp-json\/wp\/v2\/tags?post=739"}],"curies":[{"name":"wp","href":"https:\/\/api.w.org\/{rel}","templated":true}]}}