{"id":826,"date":"2020-09-28T12:00:44","date_gmt":"2020-09-28T12:00:44","guid":{"rendered":"http:\/\/carolavercaigne.com\/?p=826"},"modified":"2020-09-28T14:25:29","modified_gmt":"2020-09-28T14:25:29","slug":"el-regreso","status":"publish","type":"post","link":"https:\/\/carolavercaigne.com\/index.php\/el-regreso\/","title":{"rendered":"EL REGRESO DE LA SAGA IMPERIA"},"content":{"rendered":"\n<!--more Seguir leyendo-->\n\n\n\n<p>Llevo much\u00edsimo tiempo deseando escribir este post para contar, explicar y s\u00ed, tambi\u00e9n para pedir disculpas a todos los fans y seguidores de Imperia y sus Predestinados.<\/p>\n\n\n\n<p>Como muchos sab\u00e9is el primer libro de la saga Imperia vio la luz en 2016, el trato era publicar los cuatro tomos que componen la tetralog\u00eda con una diferencia de varios meses entre uno y otro, pero, por causas ajenas a m\u00ed, esto no pudo ser.<\/p>\n\n\n\n<p>Hoy, por fin, puedo decir y asegurar que Imperia y sus cuatro libros ver\u00e1n la luz. Los ogros y trols han trabajado a destajo; corrigiendo, maquetando, ilustrando\u2026 en definitiva, MEJORANDO y subiendo el nivel de lo que ya conoc\u00edais.<\/p>\n\n\n<p>Para que aquellos que adquirieron los libros con la editorial no se queden colgados con la colecci\u00f3n, hemos intentando que estas nuevas ediciones no se alejen demasiado de las publicadas. Lamentablemente el tama\u00f1o de los tomos nuevos son una pizca m\u00e1s peque\u00f1os que los otros, pero la din\u00e1mica de las portadas es id\u00e9ntica, con los animales emblem\u00e1ticos encabezando la historia.<\/p>\n\n\n<div class=\"wp-block-image\"><figure class=\"aligncenter size-large\"><img loading=\"lazy\" width=\"448\" height=\"600\" src=\"https:\/\/carolavercaigne.com\/wp-content\/uploads\/2020\/09\/la-aventura-continua_SAGA_IMPERIA.png\" alt=\"\" class=\"wp-image-828\" srcset=\"https:\/\/carolavercaigne.com\/wp-content\/uploads\/2020\/09\/la-aventura-continua_SAGA_IMPERIA.png 448w, https:\/\/carolavercaigne.com\/wp-content\/uploads\/2020\/09\/la-aventura-continua_SAGA_IMPERIA-224x300.png 224w\" sizes=\"(max-width: 448px) 100vw, 448px\" \/><\/figure><\/div>\n\n\n\n<p>Por otro lado, dado que las ilustraciones interiores pertenec\u00edan a la editorial, no nos ha quedado otra que decirles adi\u00f3s. No obstante, os hemos hecho caso \u2014siempre lo hacemos\u2014 y los largos cap\u00edtulos se han dividido en subcap\u00edtulos que hacen la lectura m\u00e1s fluida, sobre todo para aquellos fans de: \u00ab<em>Un cap\u00edtulo m\u00e1s y me duermo<\/em>\u00ab. Adem\u00e1s, por si fuera poco, podr\u00e9is encontrar la saga Imperia no solo en formato f\u00edsico sino tambi\u00e9n en digital.<\/p>\n\n\n\n<p>Las rotativas est\u00e1n en marcha y ya no hay quien las pare.<\/p>\n\n\n\n<p>Antes de terminar quiero pedir disculpas a todos aquellos que se quedaron en el final del segundo libro con la necesidad de saber c\u00f3mo continuaba la aventura de los Predestinados. Ahora mismo se han vuelto a publicar los dos primeros, pero en diciembre \u00ab<em>LA UNI\u00d3N<\/em>\u00bb estar\u00e1 a vuestra disposici\u00f3n y en marzo, por mucho que truene, nos invadan los extraterrestres o suba el precio del pan ser\u00e1 liberada la cuarta novela de la Saga Imperia. No s\u00e9 vosotros, pero yo estoy dese\u00e1ndolo. <\/p>\n\n\n\n<p>Much\u00edsimas gracias por no abandonarme, por seguir interes\u00e1ndoos, por escribir, por preguntar, por todo.<\/p>\n\n\n\n<p class=\"has-text-align-center\">Gracias por hacer este sue\u00f1o realidad.<\/p>\n\n\n\n<p>Aquellos que todav\u00eda no hab\u00e9is le\u00eddo la Saga Imperia\u2026 \u00bfA qu\u00e9 rocas est\u00e1is esperando?<\/p>\n\n\n\n<p>Aqu\u00ed ten\u00e9is toda la informaci\u00f3n de <a href=\"https:\/\/carolavercaigne.com\/index.php\/imperia\/\" target=\"_blank\" rel=\"noreferrer noopener\">la Saga Imperia<\/a><\/p>\n\n\n\n<p class=\"has-text-align-center\"><div id=\"metaslider-id-829\" style=\"width: 100%;\" class=\"ml-slider-3-20-3 metaslider metaslider-flex metaslider-829 ml-slider\">\n    <div id=\"metaslider_container_829\">\n        <div id=\"metaslider_829\">\n            <ul aria-live=\"polite\" class=\"slides\">\n                <li style=\"display: block; width: 100%;\" class=\"slide-838 ms-image\"><img src=\"https:\/\/carolavercaigne.com\/wp-content\/uploads\/2020\/06\/LA-AVENTURA-700x311.jpg\" height=\"311\" width=\"700\" alt=\"\" class=\"slider-829 slide-838\" title=\"LA AVENTURA\" \/><\/li>\n                <li style=\"display: none; width: 100%;\" class=\"slide-834 ms-image\"><img src=\"https:\/\/carolavercaigne.com\/wp-content\/uploads\/2020\/09\/SECTORDragon-700x311.png\" height=\"311\" width=\"700\" alt=\"\" class=\"slider-829 slide-834\" title=\"SECTORDragon\" \/><\/li>\n                <li style=\"display: none; width: 100%;\" class=\"slide-835 ms-image\"><img src=\"https:\/\/carolavercaigne.com\/wp-content\/uploads\/2020\/09\/SECTORlibelula-700x311.png\" height=\"311\" width=\"700\" alt=\"\" class=\"slider-829 slide-835\" title=\"SECTORlibelula\" \/><\/li>\n                <li style=\"display: none; width: 100%;\" class=\"slide-836 ms-image\"><img src=\"https:\/\/carolavercaigne.com\/wp-content\/uploads\/2020\/09\/SECTORLEVIATAN-700x311.png\" height=\"311\" width=\"700\" alt=\"\" class=\"slider-829 slide-836\" title=\"SECTORLEVIATAN\" \/><\/li>\n                <li style=\"display: none; width: 100%;\" class=\"slide-837 ms-image\"><img src=\"https:\/\/carolavercaigne.com\/wp-content\/uploads\/2020\/09\/SECTORunicornio-700x311.png\" height=\"311\" width=\"700\" alt=\"\" class=\"slider-829 slide-837\" title=\"SECTORunicornio\" \/><\/li>\n            <\/ul>\n        <\/div>\n        \n    <\/div>\n<\/div><\/p>\n","protected":false},"excerpt":{"rendered":"<p>Este es el inicio de una nueva era para los fans de la Saga Imperia, pero antes de que de comienzo me gustar\u00eda explicar los motivos que frenaron el avance y pedir disculpas a aquellos que se quedaron colgados a mitad de la aventura. <\/p>\n","protected":false},"author":1,"featured_media":827,"comment_status":"closed","ping_status":"open","sticky":false,"template":"","format":"standard","meta":[],"categories":[1],"tags":[17,16],"yoast_head":"<!-- This site is optimized with the Yoast SEO plugin v16.4 - https:\/\/yoast.com\/wordpress\/plugins\/seo\/ -->\n<meta name=\"description\" content=\"Este es el inicio de una nueva era para los fans de la Saga Imperia. Los ogros y trols han trabajado a destajo para que disfrutes al 100%\" \/>\n<meta name=\"robots\" content=\"index, follow, max-snippet:-1, max-image-preview:large, max-video-preview:-1\" \/>\n<link rel=\"canonical\" href=\"https:\/\/carolavercaigne.com\/index.php\/el-regreso\/\" \/>\n<meta property=\"og:locale\" content=\"es_ES\" \/>\n<meta property=\"og:type\" content=\"article\" \/>\n<meta property=\"og:title\" content=\"EL REGRESO DE LA SAGA IMPERIA ~ Carola Vercaigne\" \/>\n<meta property=\"og:description\" content=\"Este es el inicio de una nueva era para los fans de la Saga Imperia. Los ogros y trols han trabajado a destajo para que disfrutes al 100%\" \/>\n<meta property=\"og:url\" content=\"https:\/\/carolavercaigne.com\/index.php\/el-regreso\/\" \/>\n<meta property=\"og:site_name\" content=\"Carola Vercaigne\" \/>\n<meta property=\"article:published_time\" content=\"2020-09-28T12:00:44+00:00\" \/>\n<meta property=\"article:modified_time\" content=\"2020-09-28T14:25:29+00:00\" \/>\n<meta property=\"og:image\" content=\"http:\/\/carolavercaigne.com\/wp-content\/uploads\/2020\/09\/leviatan_dragon_IMPERIA.png\" \/>\n\t<meta property=\"og:image:width\" content=\"700\" \/>\n\t<meta property=\"og:image:height\" content=\"311\" \/>\n<meta name=\"twitter:card\" content=\"summary_large_image\" \/>\n<meta name=\"twitter:label1\" content=\"Tiempo de lectura\" \/>\n\t<meta name=\"twitter:data1\" content=\"2 minutos\" \/>\n<script type=\"application\/ld+json\" class=\"yoast-schema-graph\">{\"@context\":\"https:\/\/schema.org\",\"@graph\":[{\"@type\":\"WebSite\",\"@id\":\"https:\/\/carolavercaigne.com\/#website\",\"url\":\"https:\/\/carolavercaigne.com\/\",\"name\":\"Carola Vercaigne\",\"description\":\"\",\"publisher\":{\"@id\":\"https:\/\/carolavercaigne.com\/#\/schema\/person\/0e20eb114ce52348c24fce546930ab39\"},\"potentialAction\":[{\"@type\":\"SearchAction\",\"target\":\"https:\/\/carolavercaigne.com\/?s={search_term_string}\",\"query-input\":\"required name=search_term_string\"}],\"inLanguage\":\"es\"},{\"@type\":\"ImageObject\",\"@id\":\"https:\/\/carolavercaigne.com\/index.php\/el-regreso\/#primaryimage\",\"inLanguage\":\"es\",\"url\":\"https:\/\/carolavercaigne.com\/wp-content\/uploads\/2020\/09\/leviatan_dragon_IMPERIA.png\",\"contentUrl\":\"https:\/\/carolavercaigne.com\/wp-content\/uploads\/2020\/09\/leviatan_dragon_IMPERIA.png\",\"width\":700,\"height\":311},{\"@type\":\"WebPage\",\"@id\":\"https:\/\/carolavercaigne.com\/index.php\/el-regreso\/#webpage\",\"url\":\"https:\/\/carolavercaigne.com\/index.php\/el-regreso\/\",\"name\":\"EL REGRESO DE LA SAGA IMPERIA ~ Carola Vercaigne\",\"isPartOf\":{\"@id\":\"https:\/\/carolavercaigne.com\/#website\"},\"primaryImageOfPage\":{\"@id\":\"https:\/\/carolavercaigne.com\/index.php\/el-regreso\/#primaryimage\"},\"datePublished\":\"2020-09-28T12:00:44+00:00\",\"dateModified\":\"2020-09-28T14:25:29+00:00\",\"description\":\"Este es el inicio de una nueva era para los fans de la Saga Imperia. Los ogros y trols han trabajado a destajo para que disfrutes al 100%\",\"breadcrumb\":{\"@id\":\"https:\/\/carolavercaigne.com\/index.php\/el-regreso\/#breadcrumb\"},\"inLanguage\":\"es\",\"potentialAction\":[{\"@type\":\"ReadAction\",\"target\":[\"https:\/\/carolavercaigne.com\/index.php\/el-regreso\/\"]}]},{\"@type\":\"BreadcrumbList\",\"@id\":\"https:\/\/carolavercaigne.com\/index.php\/el-regreso\/#breadcrumb\",\"itemListElement\":[{\"@type\":\"ListItem\",\"position\":1,\"item\":{\"@type\":\"WebPage\",\"@id\":\"https:\/\/carolavercaigne.com\/\",\"url\":\"https:\/\/carolavercaigne.com\/\",\"name\":\"Portada\"}},{\"@type\":\"ListItem\",\"position\":2,\"item\":{\"@id\":\"https:\/\/carolavercaigne.com\/index.php\/el-regreso\/#webpage\"}}]},{\"@type\":\"Article\",\"@id\":\"https:\/\/carolavercaigne.com\/index.php\/el-regreso\/#article\",\"isPartOf\":{\"@id\":\"https:\/\/carolavercaigne.com\/index.php\/el-regreso\/#webpage\"},\"author\":{\"@id\":\"https:\/\/carolavercaigne.com\/#\/schema\/person\/0e20eb114ce52348c24fce546930ab39\"},\"headline\":\"EL REGRESO DE LA SAGA IMPERIA\",\"datePublished\":\"2020-09-28T12:00:44+00:00\",\"dateModified\":\"2020-09-28T14:25:29+00:00\",\"mainEntityOfPage\":{\"@id\":\"https:\/\/carolavercaigne.com\/index.php\/el-regreso\/#webpage\"},\"wordCount\":429,\"publisher\":{\"@id\":\"https:\/\/carolavercaigne.com\/#\/schema\/person\/0e20eb114ce52348c24fce546930ab39\"},\"image\":{\"@id\":\"https:\/\/carolavercaigne.com\/index.php\/el-regreso\/#primaryimage\"},\"thumbnailUrl\":\"https:\/\/carolavercaigne.com\/wp-content\/uploads\/2020\/09\/leviatan_dragon_IMPERIA.png\",\"keywords\":[\"Mis Libros\",\"Saga Imperia\"],\"inLanguage\":\"es\"},{\"@type\":[\"Person\",\"Organization\"],\"@id\":\"https:\/\/carolavercaigne.com\/#\/schema\/person\/0e20eb114ce52348c24fce546930ab39\",\"name\":\"Carola\",\"image\":{\"@type\":\"ImageObject\",\"@id\":\"https:\/\/carolavercaigne.com\/#personlogo\",\"inLanguage\":\"es\",\"url\":\"https:\/\/secure.gravatar.com\/avatar\/9879b20eef827deca00a7c0544465acb?s=96&d=mm&r=g\",\"contentUrl\":\"https:\/\/secure.gravatar.com\/avatar\/9879b20eef827deca00a7c0544465acb?s=96&d=mm&r=g\",\"caption\":\"Carola\"},\"logo\":{\"@id\":\"https:\/\/carolavercaigne.com\/#personlogo\"},\"sameAs\":[\"http:\/\/carolavercaigne.com\"]}]}<\/script>\n<!-- \/ Yoast SEO plugin. -->","_links":{"self":[{"href":"https:\/\/carolavercaigne.com\/index.php\/wp-json\/wp\/v2\/posts\/826"}],"collection":[{"href":"https:\/\/carolavercaigne.com\/index.php\/wp-json\/wp\/v2\/posts"}],"about":[{"href":"https:\/\/carolavercaigne.com\/index.php\/wp-json\/wp\/v2\/types\/post"}],"author":[{"embeddable":true,"href":"https:\/\/carolavercaigne.com\/index.php\/wp-json\/wp\/v2\/users\/1"}],"replies":[{"embeddable":true,"href":"https:\/\/carolavercaigne.com\/index.php\/wp-json\/wp\/v2\/comments?post=826"}],"version-history":[{"count":5,"href":"https:\/\/carolavercaigne.com\/index.php\/wp-json\/wp\/v2\/posts\/826\/revisions"}],"predecessor-version":[{"id":870,"href":"https:\/\/carolavercaigne.com\/index.php\/wp-json\/wp\/v2\/posts\/826\/revisions\/870"}],"wp:featuredmedia":[{"embeddable":true,"href":"https:\/\/carolavercaigne.com\/index.php\/wp-json\/wp\/v2\/media\/827"}],"wp:attachment":[{"href":"https:\/\/carolavercaigne.com\/index.php\/wp-json\/wp\/v2\/media?parent=826"}],"wp:term":[{"taxonomy":"category","embeddable":true,"href":"https:\/\/carolavercaigne.com\/index.php\/wp-json\/wp\/v2\/categories?post=826"},{"taxonomy":"post_tag","embeddable":true,"href":"https:\/\/carolavercaigne.com\/index.php\/wp-json\/wp\/v2\/tags?post=826"}],"curies":[{"name":"wp","href":"https:\/\/api.w.org\/{rel}","templated":true}]}}