{"id":915,"date":"2020-10-09T12:00:36","date_gmt":"2020-10-09T10:00:36","guid":{"rendered":"http:\/\/carolavercaigne.com\/?p=915"},"modified":"2020-10-09T15:03:36","modified_gmt":"2020-10-09T13:03:36","slug":"inquietud","status":"publish","type":"post","link":"https:\/\/carolavercaigne.com\/index.php\/inquietud\/","title":{"rendered":"INQUIETUD (IG)"},"content":{"rendered":"\n<!--more sigue leyendo-->\n\n\n\n<p>Estoy inquieta, que no es lo mismo que nerviosa.<\/p>\n\n\n\n<p>No s\u00e9 exactamente por qu\u00e9 es, o puede que s\u00ed.<\/p>\n\n\n\n<p>Tengo varias opciones en mente de las posibles causas.<\/p>\n\n\n\n<p>La primera es que hoy da comienzo otra LC de uno de mis libros, concretamente de Imperia I. Los Predestinados. Despu\u00e9s del exitazo que tuvo la de <a href=\"https:\/\/www.instagram.com\/explore\/tags\/uldelibro\/\" target=\"_blank\" rel=\"noreferrer noopener\">#ULDElibro<\/a> no es que me d\u00e9 miedo que este no guste. La Saga Imperia o te encanta, te apu\u00f1ala el alma o tiene el efecto contrario y no te provoca nada en absoluto, (como cualquier historia, vamos). Pero bueno estoy contenta con lo que escrib\u00ed, s\u00e9 que esta parte es muy introductoria, que quiz\u00e1s d\u00e9 m\u00e1s informaci\u00f3n de la cuenta, pero para m\u00ed todo es relevante. Aunque claro, yo s\u00e9 c\u00f3mo sigue la trama. S\u00e9 muy bien lo que el lector necesitar\u00e1 m\u00e1s adelante. As\u00ed que no\u2026 la inquietud no parece que sea por esto.<\/p>\n\n\n\n<p>La segunda opci\u00f3n podr\u00eda ser el tema de la publicaci\u00f3n de mis libros. En diciembre quiero (voy a hacerlo) sacar el tercero de Imperia, pero adem\u00e1s tambi\u00e9n me estaba planteando publicar la primera parte de una biolog\u00eda muy chula. No s\u00e9 qu\u00e9 hacer. \u00bfEs buena idea promocionar dos libros a la vez? \u00bfMe dar\u00e1 tiempo a todo? \u00bfO mejor me espero y voy por partes? Tic tac tic tac.<\/p>\n\n\n\n<p>Y ya por \u00faltimo, la inquietud podr\u00eda ser por algo que no tiene nada que ver con lo laboral, aunque s\u00ed con lo social. El Covid19 est\u00e1 siendo una mierda (lo es, lo siento, no voy a suavizarlo con palabrer\u00eda floral). Aqu\u00ed hab\u00eda escrito un pedazo texto contando c\u00f3mo est\u00e1 afectando a la gente que quiero, pero \u00bfpara qu\u00e9? EL COVID19 es una mierda. Ya est\u00e1 dicho todo.<\/p>\n\n\n\n<p>En fin\u2026 puede que m\u00e1s que inquietud sea que hoy el d\u00eda est\u00e1 raro, que el sol se ve deslucido, que echo mucho en falta a mi Meiga y por eso abrazo con fuerza su mantita blanca&#8230; O puede que simplemente necesito dar un paseo, subir a la monta\u00f1a y respirar bien hondo.<br><br>VOY A VOLAR UN RATO. ?<\/p>\n\n\n\n<p class=\"has-small-font-size\">Si quieres darle \u2764\ufe0f a este post y adem\u00e1s dejar un comentario pincha <strong><a href=\"https:\/\/www.instagram.com\/p\/CGHrzuol4VX\/\" target=\"_blank\" rel=\"noreferrer noopener\">AQU\u00cd<\/a><\/strong><\/p>\n","protected":false},"excerpt":{"rendered":"<p>Estoy inquieta, que no es lo mismo que nerviosa. No s\u00e9 exactamente por qu\u00e9 es, o puede que s\u00ed. Tengo varias opciones en mente. <\/p>\n","protected":false},"author":1,"featured_media":916,"comment_status":"closed","ping_status":"open","sticky":false,"template":"","format":"standard","meta":[],"categories":[1],"tags":[13,17],"yoast_head":"<!-- This site is optimized with the Yoast SEO plugin v16.4 - https:\/\/yoast.com\/wordpress\/plugins\/seo\/ -->\n<meta name=\"description\" content=\"Estoy inquieta, que no es lo mismo que nerviosa. No s\u00e9 exactamente por qu\u00e9 es, o puede que s\u00ed. Tengo varias opciones en mente.\" \/>\n<meta name=\"robots\" content=\"noindex, follow\" \/>\n<meta property=\"og:locale\" content=\"es_ES\" \/>\n<meta property=\"og:type\" content=\"article\" \/>\n<meta property=\"og:title\" content=\"INQUIETUD (IG) ~ Carola Vercaigne\" \/>\n<meta property=\"og:description\" content=\"Estoy inquieta, que no es lo mismo que nerviosa. No s\u00e9 exactamente por qu\u00e9 es, o puede que s\u00ed. Tengo varias opciones en mente.\" \/>\n<meta property=\"og:url\" content=\"https:\/\/carolavercaigne.com\/index.php\/inquietud\/\" \/>\n<meta property=\"og:site_name\" content=\"Carola Vercaigne\" \/>\n<meta property=\"article:published_time\" content=\"2020-10-09T10:00:36+00:00\" \/>\n<meta property=\"article:modified_time\" content=\"2020-10-09T13:03:36+00:00\" \/>\n<meta property=\"og:image\" content=\"http:\/\/carolavercaigne.com\/wp-content\/uploads\/2020\/10\/inquietud.png\" \/>\n\t<meta property=\"og:image:width\" content=\"700\" \/>\n\t<meta property=\"og:image:height\" content=\"311\" \/>\n<meta name=\"twitter:card\" content=\"summary_large_image\" \/>\n<meta name=\"twitter:label1\" content=\"Tiempo de lectura\" \/>\n\t<meta name=\"twitter:data1\" content=\"2 minutos\" \/>\n<script type=\"application\/ld+json\" class=\"yoast-schema-graph\">{\"@context\":\"https:\/\/schema.org\",\"@graph\":[{\"@type\":\"WebSite\",\"@id\":\"https:\/\/carolavercaigne.com\/#website\",\"url\":\"https:\/\/carolavercaigne.com\/\",\"name\":\"Carola Vercaigne\",\"description\":\"\",\"publisher\":{\"@id\":\"https:\/\/carolavercaigne.com\/#\/schema\/person\/0e20eb114ce52348c24fce546930ab39\"},\"potentialAction\":[{\"@type\":\"SearchAction\",\"target\":\"https:\/\/carolavercaigne.com\/?s={search_term_string}\",\"query-input\":\"required name=search_term_string\"}],\"inLanguage\":\"es\"},{\"@type\":\"ImageObject\",\"@id\":\"https:\/\/carolavercaigne.com\/index.php\/inquietud\/#primaryimage\",\"inLanguage\":\"es\",\"url\":\"https:\/\/carolavercaigne.com\/wp-content\/uploads\/2020\/10\/inquietud.png\",\"contentUrl\":\"https:\/\/carolavercaigne.com\/wp-content\/uploads\/2020\/10\/inquietud.png\",\"width\":700,\"height\":311},{\"@type\":\"WebPage\",\"@id\":\"https:\/\/carolavercaigne.com\/index.php\/inquietud\/#webpage\",\"url\":\"https:\/\/carolavercaigne.com\/index.php\/inquietud\/\",\"name\":\"INQUIETUD (IG) ~ Carola Vercaigne\",\"isPartOf\":{\"@id\":\"https:\/\/carolavercaigne.com\/#website\"},\"primaryImageOfPage\":{\"@id\":\"https:\/\/carolavercaigne.com\/index.php\/inquietud\/#primaryimage\"},\"datePublished\":\"2020-10-09T10:00:36+00:00\",\"dateModified\":\"2020-10-09T13:03:36+00:00\",\"description\":\"Estoy inquieta, que no es lo mismo que nerviosa. No s\\u00e9 exactamente por qu\\u00e9 es, o puede que s\\u00ed. Tengo varias opciones en mente.\",\"breadcrumb\":{\"@id\":\"https:\/\/carolavercaigne.com\/index.php\/inquietud\/#breadcrumb\"},\"inLanguage\":\"es\",\"potentialAction\":[{\"@type\":\"ReadAction\",\"target\":[\"https:\/\/carolavercaigne.com\/index.php\/inquietud\/\"]}]},{\"@type\":\"BreadcrumbList\",\"@id\":\"https:\/\/carolavercaigne.com\/index.php\/inquietud\/#breadcrumb\",\"itemListElement\":[{\"@type\":\"ListItem\",\"position\":1,\"item\":{\"@type\":\"WebPage\",\"@id\":\"https:\/\/carolavercaigne.com\/\",\"url\":\"https:\/\/carolavercaigne.com\/\",\"name\":\"Portada\"}},{\"@type\":\"ListItem\",\"position\":2,\"item\":{\"@id\":\"https:\/\/carolavercaigne.com\/index.php\/inquietud\/#webpage\"}}]},{\"@type\":\"Article\",\"@id\":\"https:\/\/carolavercaigne.com\/index.php\/inquietud\/#article\",\"isPartOf\":{\"@id\":\"https:\/\/carolavercaigne.com\/index.php\/inquietud\/#webpage\"},\"author\":{\"@id\":\"https:\/\/carolavercaigne.com\/#\/schema\/person\/0e20eb114ce52348c24fce546930ab39\"},\"headline\":\"INQUIETUD (IG)\",\"datePublished\":\"2020-10-09T10:00:36+00:00\",\"dateModified\":\"2020-10-09T13:03:36+00:00\",\"mainEntityOfPage\":{\"@id\":\"https:\/\/carolavercaigne.com\/index.php\/inquietud\/#webpage\"},\"wordCount\":381,\"publisher\":{\"@id\":\"https:\/\/carolavercaigne.com\/#\/schema\/person\/0e20eb114ce52348c24fce546930ab39\"},\"image\":{\"@id\":\"https:\/\/carolavercaigne.com\/index.php\/inquietud\/#primaryimage\"},\"thumbnailUrl\":\"https:\/\/carolavercaigne.com\/wp-content\/uploads\/2020\/10\/inquietud.png\",\"keywords\":[\"Instagram\",\"Mis Libros\"],\"inLanguage\":\"es\"},{\"@type\":[\"Person\",\"Organization\"],\"@id\":\"https:\/\/carolavercaigne.com\/#\/schema\/person\/0e20eb114ce52348c24fce546930ab39\",\"name\":\"Carola\",\"image\":{\"@type\":\"ImageObject\",\"@id\":\"https:\/\/carolavercaigne.com\/#personlogo\",\"inLanguage\":\"es\",\"url\":\"https:\/\/secure.gravatar.com\/avatar\/9879b20eef827deca00a7c0544465acb?s=96&d=mm&r=g\",\"contentUrl\":\"https:\/\/secure.gravatar.com\/avatar\/9879b20eef827deca00a7c0544465acb?s=96&d=mm&r=g\",\"caption\":\"Carola\"},\"logo\":{\"@id\":\"https:\/\/carolavercaigne.com\/#personlogo\"},\"sameAs\":[\"http:\/\/carolavercaigne.com\"]}]}<\/script>\n<!-- \/ Yoast SEO plugin. -->","_links":{"self":[{"href":"https:\/\/carolavercaigne.com\/index.php\/wp-json\/wp\/v2\/posts\/915"}],"collection":[{"href":"https:\/\/carolavercaigne.com\/index.php\/wp-json\/wp\/v2\/posts"}],"about":[{"href":"https:\/\/carolavercaigne.com\/index.php\/wp-json\/wp\/v2\/types\/post"}],"author":[{"embeddable":true,"href":"https:\/\/carolavercaigne.com\/index.php\/wp-json\/wp\/v2\/users\/1"}],"replies":[{"embeddable":true,"href":"https:\/\/carolavercaigne.com\/index.php\/wp-json\/wp\/v2\/comments?post=915"}],"version-history":[{"count":5,"href":"https:\/\/carolavercaigne.com\/index.php\/wp-json\/wp\/v2\/posts\/915\/revisions"}],"predecessor-version":[{"id":921,"href":"https:\/\/carolavercaigne.com\/index.php\/wp-json\/wp\/v2\/posts\/915\/revisions\/921"}],"wp:featuredmedia":[{"embeddable":true,"href":"https:\/\/carolavercaigne.com\/index.php\/wp-json\/wp\/v2\/media\/916"}],"wp:attachment":[{"href":"https:\/\/carolavercaigne.com\/index.php\/wp-json\/wp\/v2\/media?parent=915"}],"wp:term":[{"taxonomy":"category","embeddable":true,"href":"https:\/\/carolavercaigne.com\/index.php\/wp-json\/wp\/v2\/categories?post=915"},{"taxonomy":"post_tag","embeddable":true,"href":"https:\/\/carolavercaigne.com\/index.php\/wp-json\/wp\/v2\/tags?post=915"}],"curies":[{"name":"wp","href":"https:\/\/api.w.org\/{rel}","templated":true}]}}