{"id":927,"date":"2020-10-15T12:00:34","date_gmt":"2020-10-15T10:00:34","guid":{"rendered":"http:\/\/carolavercaigne.com\/?p=927"},"modified":"2020-10-15T13:41:26","modified_gmt":"2020-10-15T11:41:26","slug":"colores","status":"publish","type":"post","link":"https:\/\/carolavercaigne.com\/index.php\/colores\/","title":{"rendered":"COLORES (IG)"},"content":{"rendered":"\n<!--more SEGUIR LEYENDO-->\n\n\n\n<p>VERDE, en todas sus gamas. Este es mi color favorito, pero no significa que sea el \u00fanico que me gusta. Me llaman much\u00edsimo la atenci\u00f3n los turquesas, los aguamarinas y todas las tonalidades pasteles en general. \u00a1Qu\u00e9 bonitos!<\/p>\n\n\n\n<p>Soy aficionada a dar un sentido especial a los colores, los uso muy a menudo en mis historias. Pueden definir las personalidades de los protagonistas, dar pistas sobre los enigmas que SIEMPRE incluyo en las tramas o estar ah\u00ed para despistar.<br>Los colores forman parte de nuestras vidas casi tanto como los olores. Atamos el color a la muerte, a la vida e incluso a la alegr\u00eda. <\/p>\n\n\n\n<p>\u00bfPuede un color cambiar nuestro estado de \u00e1nimo? Yo creo que s\u00ed, estoy convencida que pueden influir en muchos sentidos tanto positivos como negativos. <\/p>\n\n\n\n<p>Quiz\u00e1s, como yo, tienes un color que vibra en tu vida con m\u00e1s intensidad que ning\u00fan otro. Ya sabes cu\u00e1l es el m\u00edo\u2026 Ahora me toca a m\u00ed conocerte un poquito m\u00e1s.<br>\u00bfTienes un color predilecto?<\/p>\n\n\n\n<p class=\"has-small-font-size\">Si quieres darle \u2764\ufe0f a este post y adem\u00e1s dejar un comentario pincha <strong><a href=\"https:\/\/www.instagram.com\/p\/CGW3xHmFkn_\/\" target=\"_blank\" rel=\"noreferrer noopener\">AQU\u00cd<\/a><\/strong><\/p>\n","protected":false},"excerpt":{"rendered":"<p>Los colores forman parte de nuestras vidas casi tanto como los olores. Atamos el color a la muerte, a la vida e incluso a la alegr\u00eda.<\/p>\n","protected":false},"author":1,"featured_media":928,"comment_status":"closed","ping_status":"open","sticky":false,"template":"","format":"standard","meta":[],"categories":[1],"tags":[],"yoast_head":"<!-- This site is optimized with the Yoast SEO plugin v16.4 - https:\/\/yoast.com\/wordpress\/plugins\/seo\/ -->\n<meta name=\"description\" content=\"Los colores forman parte de nuestras vidas casi tanto como los olores. Atamos el color a la muerte, a la vida e incluso a la alegr\u00eda.\" \/>\n<meta name=\"robots\" content=\"noindex, follow\" \/>\n<meta property=\"og:locale\" content=\"es_ES\" \/>\n<meta property=\"og:type\" content=\"article\" \/>\n<meta property=\"og:title\" content=\"COLORES (IG) ~ Carola Vercaigne\" \/>\n<meta property=\"og:description\" content=\"Los colores forman parte de nuestras vidas casi tanto como los olores. Atamos el color a la muerte, a la vida e incluso a la alegr\u00eda.\" \/>\n<meta property=\"og:url\" content=\"https:\/\/carolavercaigne.com\/index.php\/colores\/\" \/>\n<meta property=\"og:site_name\" content=\"Carola Vercaigne\" \/>\n<meta property=\"article:published_time\" content=\"2020-10-15T10:00:34+00:00\" \/>\n<meta property=\"article:modified_time\" content=\"2020-10-15T11:41:26+00:00\" \/>\n<meta property=\"og:image\" content=\"http:\/\/carolavercaigne.com\/wp-content\/uploads\/2020\/10\/colores.jpeg\" \/>\n\t<meta property=\"og:image:width\" content=\"700\" \/>\n\t<meta property=\"og:image:height\" content=\"311\" \/>\n<meta name=\"twitter:card\" content=\"summary_large_image\" \/>\n<meta name=\"twitter:label1\" content=\"Tiempo de lectura\" \/>\n\t<meta name=\"twitter:data1\" content=\"1 minuto\" \/>\n<script type=\"application\/ld+json\" class=\"yoast-schema-graph\">{\"@context\":\"https:\/\/schema.org\",\"@graph\":[{\"@type\":\"WebSite\",\"@id\":\"https:\/\/carolavercaigne.com\/#website\",\"url\":\"https:\/\/carolavercaigne.com\/\",\"name\":\"Carola Vercaigne\",\"description\":\"\",\"publisher\":{\"@id\":\"https:\/\/carolavercaigne.com\/#\/schema\/person\/0e20eb114ce52348c24fce546930ab39\"},\"potentialAction\":[{\"@type\":\"SearchAction\",\"target\":\"https:\/\/carolavercaigne.com\/?s={search_term_string}\",\"query-input\":\"required name=search_term_string\"}],\"inLanguage\":\"es\"},{\"@type\":\"ImageObject\",\"@id\":\"https:\/\/carolavercaigne.com\/index.php\/colores\/#primaryimage\",\"inLanguage\":\"es\",\"url\":\"https:\/\/carolavercaigne.com\/wp-content\/uploads\/2020\/10\/colores.jpeg\",\"contentUrl\":\"https:\/\/carolavercaigne.com\/wp-content\/uploads\/2020\/10\/colores.jpeg\",\"width\":700,\"height\":311},{\"@type\":\"WebPage\",\"@id\":\"https:\/\/carolavercaigne.com\/index.php\/colores\/#webpage\",\"url\":\"https:\/\/carolavercaigne.com\/index.php\/colores\/\",\"name\":\"COLORES (IG) ~ Carola Vercaigne\",\"isPartOf\":{\"@id\":\"https:\/\/carolavercaigne.com\/#website\"},\"primaryImageOfPage\":{\"@id\":\"https:\/\/carolavercaigne.com\/index.php\/colores\/#primaryimage\"},\"datePublished\":\"2020-10-15T10:00:34+00:00\",\"dateModified\":\"2020-10-15T11:41:26+00:00\",\"description\":\"Los colores forman parte de nuestras vidas casi tanto como los olores. Atamos el color a la muerte, a la vida e incluso a la alegr\\u00eda.\",\"breadcrumb\":{\"@id\":\"https:\/\/carolavercaigne.com\/index.php\/colores\/#breadcrumb\"},\"inLanguage\":\"es\",\"potentialAction\":[{\"@type\":\"ReadAction\",\"target\":[\"https:\/\/carolavercaigne.com\/index.php\/colores\/\"]}]},{\"@type\":\"BreadcrumbList\",\"@id\":\"https:\/\/carolavercaigne.com\/index.php\/colores\/#breadcrumb\",\"itemListElement\":[{\"@type\":\"ListItem\",\"position\":1,\"item\":{\"@type\":\"WebPage\",\"@id\":\"https:\/\/carolavercaigne.com\/\",\"url\":\"https:\/\/carolavercaigne.com\/\",\"name\":\"Portada\"}},{\"@type\":\"ListItem\",\"position\":2,\"item\":{\"@id\":\"https:\/\/carolavercaigne.com\/index.php\/colores\/#webpage\"}}]},{\"@type\":\"Article\",\"@id\":\"https:\/\/carolavercaigne.com\/index.php\/colores\/#article\",\"isPartOf\":{\"@id\":\"https:\/\/carolavercaigne.com\/index.php\/colores\/#webpage\"},\"author\":{\"@id\":\"https:\/\/carolavercaigne.com\/#\/schema\/person\/0e20eb114ce52348c24fce546930ab39\"},\"headline\":\"COLORES (IG)\",\"datePublished\":\"2020-10-15T10:00:34+00:00\",\"dateModified\":\"2020-10-15T11:41:26+00:00\",\"mainEntityOfPage\":{\"@id\":\"https:\/\/carolavercaigne.com\/index.php\/colores\/#webpage\"},\"wordCount\":190,\"publisher\":{\"@id\":\"https:\/\/carolavercaigne.com\/#\/schema\/person\/0e20eb114ce52348c24fce546930ab39\"},\"image\":{\"@id\":\"https:\/\/carolavercaigne.com\/index.php\/colores\/#primaryimage\"},\"thumbnailUrl\":\"https:\/\/carolavercaigne.com\/wp-content\/uploads\/2020\/10\/colores.jpeg\",\"inLanguage\":\"es\"},{\"@type\":[\"Person\",\"Organization\"],\"@id\":\"https:\/\/carolavercaigne.com\/#\/schema\/person\/0e20eb114ce52348c24fce546930ab39\",\"name\":\"Carola\",\"image\":{\"@type\":\"ImageObject\",\"@id\":\"https:\/\/carolavercaigne.com\/#personlogo\",\"inLanguage\":\"es\",\"url\":\"https:\/\/secure.gravatar.com\/avatar\/9879b20eef827deca00a7c0544465acb?s=96&d=mm&r=g\",\"contentUrl\":\"https:\/\/secure.gravatar.com\/avatar\/9879b20eef827deca00a7c0544465acb?s=96&d=mm&r=g\",\"caption\":\"Carola\"},\"logo\":{\"@id\":\"https:\/\/carolavercaigne.com\/#personlogo\"},\"sameAs\":[\"http:\/\/carolavercaigne.com\"]}]}<\/script>\n<!-- \/ Yoast SEO plugin. -->","_links":{"self":[{"href":"https:\/\/carolavercaigne.com\/index.php\/wp-json\/wp\/v2\/posts\/927"}],"collection":[{"href":"https:\/\/carolavercaigne.com\/index.php\/wp-json\/wp\/v2\/posts"}],"about":[{"href":"https:\/\/carolavercaigne.com\/index.php\/wp-json\/wp\/v2\/types\/post"}],"author":[{"embeddable":true,"href":"https:\/\/carolavercaigne.com\/index.php\/wp-json\/wp\/v2\/users\/1"}],"replies":[{"embeddable":true,"href":"https:\/\/carolavercaigne.com\/index.php\/wp-json\/wp\/v2\/comments?post=927"}],"version-history":[{"count":3,"href":"https:\/\/carolavercaigne.com\/index.php\/wp-json\/wp\/v2\/posts\/927\/revisions"}],"predecessor-version":[{"id":931,"href":"https:\/\/carolavercaigne.com\/index.php\/wp-json\/wp\/v2\/posts\/927\/revisions\/931"}],"wp:featuredmedia":[{"embeddable":true,"href":"https:\/\/carolavercaigne.com\/index.php\/wp-json\/wp\/v2\/media\/928"}],"wp:attachment":[{"href":"https:\/\/carolavercaigne.com\/index.php\/wp-json\/wp\/v2\/media?parent=927"}],"wp:term":[{"taxonomy":"category","embeddable":true,"href":"https:\/\/carolavercaigne.com\/index.php\/wp-json\/wp\/v2\/categories?post=927"},{"taxonomy":"post_tag","embeddable":true,"href":"https:\/\/carolavercaigne.com\/index.php\/wp-json\/wp\/v2\/tags?post=927"}],"curies":[{"name":"wp","href":"https:\/\/api.w.org\/{rel}","templated":true}]}}