{"id":936,"date":"2020-10-22T12:00:49","date_gmt":"2020-10-22T10:00:49","guid":{"rendered":"http:\/\/carolavercaigne.com\/?p=936"},"modified":"2020-10-22T13:51:52","modified_gmt":"2020-10-22T11:51:52","slug":"sellos","status":"publish","type":"post","link":"https:\/\/carolavercaigne.com\/index.php\/sellos\/","title":{"rendered":"SELLOS (IG)"},"content":{"rendered":"\n<!--more-->\n\n\n\n<p>Que soy una fan\u00e1tica de las lib\u00e9lulas y de los bichos en general no es ning\u00fan secreto.<\/p>\n\n\n\n<p>Si has visitado mi p\u00e1gina web habr\u00e1s visto que el insecto alado aparece tanto en el favicon como en otras secciones. No es casualidad que en Imperia uno de los sectores sea el de los Hijos de Lib\u00e9lula. Lo raro rar\u00edsimo es que no las haya mencionado ni una sola vez en <a href=\"https:\/\/www.instagram.com\/explore\/tags\/uldelibro\/\">#ULDElibro<\/a>.<br>Pero bueno, quitando este peque\u00f1o despiste m\u00edo, podr\u00eda decirse que las lib\u00e9lulas son mi marca o mi sello personal.<\/p>\n\n\n\n<p>Y hablando de sellos, justo hoy me ha llegado el de la Lib\u00e9lula. \u00a1Qu\u00e9 bonito es!<br><br>He pensado que igual que tengo sellos de los emblemas de la <a href=\"https:\/\/www.instagram.com\/explore\/tags\/sagaimperia\/\">#SagaImperia<\/a>, estar\u00eda bien tener uno m\u00edo gen\u00e9rico, para usarlo en cualquier ocasi\u00f3n. Los detalles marcan la diferencia y a los lectores \u2014lo tengo comprobad\u00edsimo\u2014 les encanta que cuando el autor firma sus libros no se limite a poner un rayajo con su nombre. Los dibujos, detalles y sellos plasmados le otorgan al gesto un valor especial. \u00bfA que s\u00ed?<\/p>\n\n\n\n<p>Tambi\u00e9n, como Imperia tiene sus emblemas, quiz\u00e1s deber\u00eda buscar un detalle espec\u00edfico para \u201cUn lugar donde encontrarnos\u201d. \u00bfPero cu\u00e1l? Un sello del Kraken, sirenas, libros, relojes\u2026 \u00bfAlguna idea?<br><\/p>\n\n\n\n<p>*Por si no lo sab\u00edais todos mis libros los ten\u00e9is en <a href=\"https:\/\/www.amazon.com\/Carola-Vercaigne\/e\/B08GHD5LSD\" target=\"_blank\" rel=\"noreferrer noopener\">Amazon<\/a> a un precio incre\u00edble (esto lo pongo porque una de mis \u201cFant\u00e1sticas\u201d me ha dicho que nunca lo comento).<\/p>\n\n\n\n<p>Y retomando el tema de este post, cu\u00e9ntame&#8230; \u00bfTe han firmado alguna vez un libro? \u00bfEl autor\/a ha incluido alg\u00fan detalle especial? \u00bfQu\u00e9 es lo m\u00e1s original que se te ocurre a\u00f1adir a una firma? Si ya has tenido la suerte de leer \u00abULDE\u00bb, \u00bfqu\u00e9 sello crees que le ir\u00eda bien?<\/p>\n\n\n\n<p class=\"has-small-font-size\">Si quieres darle \u2764\ufe0f a este post y adem\u00e1s dejar un comentario pincha <strong><a href=\"https:\/\/www.instagram.com\/p\/CGpLWxQFhVM\/\" target=\"_blank\" rel=\"noreferrer noopener\">AQU\u00cd<\/a><\/strong><\/p>\n","protected":false},"excerpt":{"rendered":"<p>Los detalles marcan la diferencia y cuando un autor le firma su libro al lector, que incluya algo m\u00e1s a parte de su nombre, hace que el gesto sea todav\u00eda m\u00e1s especial. <\/p>\n","protected":false},"author":1,"featured_media":937,"comment_status":"closed","ping_status":"open","sticky":false,"template":"","format":"standard","meta":[],"categories":[1],"tags":[13,17],"yoast_head":"<!-- This site is optimized with the Yoast SEO plugin v16.4 - https:\/\/yoast.com\/wordpress\/plugins\/seo\/ -->\n<meta name=\"description\" content=\"Los detalles marcan la diferencia y cuando un autor firma un libro, que incluya algo m\u00e1s a parte de su nombre hace el gesto m\u00e1s especial.\" \/>\n<meta name=\"robots\" content=\"noindex, follow\" \/>\n<meta property=\"og:locale\" content=\"es_ES\" \/>\n<meta property=\"og:type\" content=\"article\" \/>\n<meta property=\"og:title\" content=\"SELLOS (IG) ~ Carola Vercaigne\" \/>\n<meta property=\"og:description\" content=\"Los detalles marcan la diferencia y cuando un autor firma un libro, que incluya algo m\u00e1s a parte de su nombre hace el gesto m\u00e1s especial.\" \/>\n<meta property=\"og:url\" content=\"https:\/\/carolavercaigne.com\/index.php\/sellos\/\" \/>\n<meta property=\"og:site_name\" content=\"Carola Vercaigne\" \/>\n<meta property=\"article:published_time\" content=\"2020-10-22T10:00:49+00:00\" \/>\n<meta property=\"article:modified_time\" content=\"2020-10-22T11:51:52+00:00\" \/>\n<meta property=\"og:image\" content=\"http:\/\/carolavercaigne.com\/wp-content\/uploads\/2020\/10\/sello.png\" \/>\n\t<meta property=\"og:image:width\" content=\"700\" \/>\n\t<meta property=\"og:image:height\" content=\"311\" \/>\n<meta name=\"twitter:card\" content=\"summary_large_image\" \/>\n<meta name=\"twitter:label1\" content=\"Tiempo de lectura\" \/>\n\t<meta name=\"twitter:data1\" content=\"2 minutos\" \/>\n<script type=\"application\/ld+json\" class=\"yoast-schema-graph\">{\"@context\":\"https:\/\/schema.org\",\"@graph\":[{\"@type\":\"WebSite\",\"@id\":\"https:\/\/carolavercaigne.com\/#website\",\"url\":\"https:\/\/carolavercaigne.com\/\",\"name\":\"Carola Vercaigne\",\"description\":\"\",\"publisher\":{\"@id\":\"https:\/\/carolavercaigne.com\/#\/schema\/person\/0e20eb114ce52348c24fce546930ab39\"},\"potentialAction\":[{\"@type\":\"SearchAction\",\"target\":\"https:\/\/carolavercaigne.com\/?s={search_term_string}\",\"query-input\":\"required name=search_term_string\"}],\"inLanguage\":\"es\"},{\"@type\":\"ImageObject\",\"@id\":\"https:\/\/carolavercaigne.com\/index.php\/sellos\/#primaryimage\",\"inLanguage\":\"es\",\"url\":\"https:\/\/carolavercaigne.com\/wp-content\/uploads\/2020\/10\/sello.png\",\"contentUrl\":\"https:\/\/carolavercaigne.com\/wp-content\/uploads\/2020\/10\/sello.png\",\"width\":700,\"height\":311},{\"@type\":\"WebPage\",\"@id\":\"https:\/\/carolavercaigne.com\/index.php\/sellos\/#webpage\",\"url\":\"https:\/\/carolavercaigne.com\/index.php\/sellos\/\",\"name\":\"SELLOS (IG) ~ Carola Vercaigne\",\"isPartOf\":{\"@id\":\"https:\/\/carolavercaigne.com\/#website\"},\"primaryImageOfPage\":{\"@id\":\"https:\/\/carolavercaigne.com\/index.php\/sellos\/#primaryimage\"},\"datePublished\":\"2020-10-22T10:00:49+00:00\",\"dateModified\":\"2020-10-22T11:51:52+00:00\",\"description\":\"Los detalles marcan la diferencia y cuando un autor firma un libro, que incluya algo m\\u00e1s a parte de su nombre hace el gesto m\\u00e1s especial.\",\"breadcrumb\":{\"@id\":\"https:\/\/carolavercaigne.com\/index.php\/sellos\/#breadcrumb\"},\"inLanguage\":\"es\",\"potentialAction\":[{\"@type\":\"ReadAction\",\"target\":[\"https:\/\/carolavercaigne.com\/index.php\/sellos\/\"]}]},{\"@type\":\"BreadcrumbList\",\"@id\":\"https:\/\/carolavercaigne.com\/index.php\/sellos\/#breadcrumb\",\"itemListElement\":[{\"@type\":\"ListItem\",\"position\":1,\"item\":{\"@type\":\"WebPage\",\"@id\":\"https:\/\/carolavercaigne.com\/\",\"url\":\"https:\/\/carolavercaigne.com\/\",\"name\":\"Portada\"}},{\"@type\":\"ListItem\",\"position\":2,\"item\":{\"@id\":\"https:\/\/carolavercaigne.com\/index.php\/sellos\/#webpage\"}}]},{\"@type\":\"Article\",\"@id\":\"https:\/\/carolavercaigne.com\/index.php\/sellos\/#article\",\"isPartOf\":{\"@id\":\"https:\/\/carolavercaigne.com\/index.php\/sellos\/#webpage\"},\"author\":{\"@id\":\"https:\/\/carolavercaigne.com\/#\/schema\/person\/0e20eb114ce52348c24fce546930ab39\"},\"headline\":\"SELLOS (IG)\",\"datePublished\":\"2020-10-22T10:00:49+00:00\",\"dateModified\":\"2020-10-22T11:51:52+00:00\",\"mainEntityOfPage\":{\"@id\":\"https:\/\/carolavercaigne.com\/index.php\/sellos\/#webpage\"},\"wordCount\":334,\"publisher\":{\"@id\":\"https:\/\/carolavercaigne.com\/#\/schema\/person\/0e20eb114ce52348c24fce546930ab39\"},\"image\":{\"@id\":\"https:\/\/carolavercaigne.com\/index.php\/sellos\/#primaryimage\"},\"thumbnailUrl\":\"https:\/\/carolavercaigne.com\/wp-content\/uploads\/2020\/10\/sello.png\",\"keywords\":[\"Instagram\",\"Mis Libros\"],\"inLanguage\":\"es\"},{\"@type\":[\"Person\",\"Organization\"],\"@id\":\"https:\/\/carolavercaigne.com\/#\/schema\/person\/0e20eb114ce52348c24fce546930ab39\",\"name\":\"Carola\",\"image\":{\"@type\":\"ImageObject\",\"@id\":\"https:\/\/carolavercaigne.com\/#personlogo\",\"inLanguage\":\"es\",\"url\":\"https:\/\/secure.gravatar.com\/avatar\/9879b20eef827deca00a7c0544465acb?s=96&d=mm&r=g\",\"contentUrl\":\"https:\/\/secure.gravatar.com\/avatar\/9879b20eef827deca00a7c0544465acb?s=96&d=mm&r=g\",\"caption\":\"Carola\"},\"logo\":{\"@id\":\"https:\/\/carolavercaigne.com\/#personlogo\"},\"sameAs\":[\"http:\/\/carolavercaigne.com\"]}]}<\/script>\n<!-- \/ Yoast SEO plugin. -->","_links":{"self":[{"href":"https:\/\/carolavercaigne.com\/index.php\/wp-json\/wp\/v2\/posts\/936"}],"collection":[{"href":"https:\/\/carolavercaigne.com\/index.php\/wp-json\/wp\/v2\/posts"}],"about":[{"href":"https:\/\/carolavercaigne.com\/index.php\/wp-json\/wp\/v2\/types\/post"}],"author":[{"embeddable":true,"href":"https:\/\/carolavercaigne.com\/index.php\/wp-json\/wp\/v2\/users\/1"}],"replies":[{"embeddable":true,"href":"https:\/\/carolavercaigne.com\/index.php\/wp-json\/wp\/v2\/comments?post=936"}],"version-history":[{"count":2,"href":"https:\/\/carolavercaigne.com\/index.php\/wp-json\/wp\/v2\/posts\/936\/revisions"}],"predecessor-version":[{"id":939,"href":"https:\/\/carolavercaigne.com\/index.php\/wp-json\/wp\/v2\/posts\/936\/revisions\/939"}],"wp:featuredmedia":[{"embeddable":true,"href":"https:\/\/carolavercaigne.com\/index.php\/wp-json\/wp\/v2\/media\/937"}],"wp:attachment":[{"href":"https:\/\/carolavercaigne.com\/index.php\/wp-json\/wp\/v2\/media?parent=936"}],"wp:term":[{"taxonomy":"category","embeddable":true,"href":"https:\/\/carolavercaigne.com\/index.php\/wp-json\/wp\/v2\/categories?post=936"},{"taxonomy":"post_tag","embeddable":true,"href":"https:\/\/carolavercaigne.com\/index.php\/wp-json\/wp\/v2\/tags?post=936"}],"curies":[{"name":"wp","href":"https:\/\/api.w.org\/{rel}","templated":true}]}}