{"id":982,"date":"2020-12-31T23:59:00","date_gmt":"2020-12-31T21:59:00","guid":{"rendered":"http:\/\/carolavercaigne.com\/?p=982"},"modified":"2021-01-12T19:19:32","modified_gmt":"2021-01-12T17:19:32","slug":"tictac","status":"publish","type":"post","link":"https:\/\/carolavercaigne.com\/index.php\/tictac\/","title":{"rendered":"TIC TAC"},"content":{"rendered":"\n<p>Dentro de nada termina el a\u00f1o 2020. Para muchos esta es la hora de hacer retrospectiva, de valorar y empezar a pensar en todo lo que queremos proponernos hacer en cuanto deje de escucharse el ta\u00f1ido de la \u00faltima campanada.<\/p>\n\n\n\n<!--more SIGUE LEYENDO-->\n\n\n\n<p>No soy esa clase de persona, jam\u00e1s he tenido que hacer una lista con lo que espero de m\u00ed misma a lo largo de un a\u00f1o. No es coherencia, \u00a1qu\u00e9 va! Es solo que me conozco, s\u00e9 que si no me gusta ir al gimnasio, jurarme y perjurarme que voy a ir no va a hacer que vaya. Las cosas surgen. Al final esos \u201cprop\u00f3sitos\u201d son una obligaci\u00f3n y, la verdad, \u00bfa qui\u00e9n le gusta hacer algo obligado? \u2026 \u00bfhas pensado tu respuesta a esta pregunta? Pues ya est\u00e1. Pero oye, que yo no digo que no funcionen, a otros quiz\u00e1 s\u00ed, a m\u00ed, definitivamente no.<\/p>\n\n\n\n<p>No obstante, hay algo que a m\u00ed s\u00ed me gusta hacer al final de un a\u00f1o, justo antes de cerrar la puerta para abrir la siguiente, y es dar las gracias. Gracias por todo lo bueno que me ha pasado. Por las personas que he conocido, por las experiencias que he vivido. Que s\u00ed, que este a\u00f1o 2020 en parte (gran parte) ha sido una mierda, pero eso no quita que hayamos tenido nuestros buenos momentos. Seguro que alguno hay.<\/p>\n\n\n\n<p>As\u00ed que, tal y como ocurre en los libros, voy a hacer una lista de agradecimiento. Si crees que deber\u00edas estar en ella y no est\u00e1s no me lo tomes en cuenta, no soy perfecta, a veces me olvido de peinarme o salgo a la calle con las zapatillas de estar por casa.<br>Como esta cuenta de IG est\u00e1 dedicada a mi trabajo como escritora quiero decir que estoy muy agradecida y contenta por la buena acogida que han tenido mis libros: <a href=\"https:\/\/www.instagram.com\/explore\/tags\/ulde\/\">#ULDE<\/a> y <a href=\"https:\/\/www.instagram.com\/explore\/tags\/sagaimperia\/\">#SagaImperia<\/a> y ligado a esto a la primera persona a la que quiero darle las gracias es a <a href=\"https:\/\/www.instagram.com\/anacotofernandez\/\">@anacotofernandez<\/a>, mi editora de Palabras de Agua, por confiar en m\u00ed y tambi\u00e9n por dejarme ir. A <a href=\"https:\/\/www.instagram.com\/losarcoirisdemoree\/\">@losarcoirisdemoree<\/a> porque si no fuera por ella todav\u00eda estar\u00eda sumida en la desidia y sin ganas de escribir y por tanto <a href=\"https:\/\/www.instagram.com\/explore\/tags\/ulde\/\">#ULDE<\/a> seguir\u00eda siendo una idea flotando en una nebulosa de mi cabeza. Estoy deseando empezar a escribir el <a href=\"https:\/\/www.instagram.com\/explore\/tags\/3reino\/\">#3reino<\/a> contigo.<\/p>\n\n\n\n<p>Gracias a todas las personas que participasteis en las lecturas conjuntas y a quienes las organizasteis <a href=\"https:\/\/www.instagram.com\/santi_readbooks\/\">@santi_readbooks<\/a> <a href=\"https:\/\/www.instagram.com\/kasss_reading\/\">@kasss_reading<\/a> <a href=\"https:\/\/www.instagram.com\/elizabeth_books_\/\">@elizabeth_books_<\/a> <a href=\"https:\/\/www.instagram.com\/sweetreader88\/\">@sweetreader88<\/a>, <a href=\"https:\/\/www.instagram.com\/elarmariodecarvia\/\">@elarmariodecarvia<\/a> <a href=\"https:\/\/www.instagram.com\/calastudies\/\">@calastudies<\/a>. Con estas iniciativas conoc\u00ed a gente maravillosa que merece mucho la pena tener cerca como <a href=\"https:\/\/www.instagram.com\/labibliotecademerlin\/\">@labibliotecademerlin<\/a> que es encantadora, <a href=\"https:\/\/www.instagram.com\/piabookgrom\/\">@piabookgrom<\/a> que no tiene pelos en la lengua. <\/p>\n\n\n\n<p>Gracias a los lectores fieles que est\u00e1n conmigo al pie del ca\u00f1\u00f3n <a href=\"https:\/\/www.instagram.com\/fantasmitalectora\/\">@fantasmitalectora<\/a> <a href=\"https:\/\/www.instagram.com\/pilardavila12\/\">@pilardavila12<\/a> <a href=\"https:\/\/www.instagram.com\/carool.gnnz_\/\">@carool.gnnz_<\/a> <a href=\"https:\/\/www.instagram.com\/damned_soul87\/\">@damned_soul87<\/a> <a href=\"https:\/\/www.instagram.com\/n.roguel\/\">@n.roguel<\/a> <a href=\"https:\/\/www.instagram.com\/airinworlds\/\">@airinworlds<\/a> etc\u2026<\/p>\n\n\n\n<p>Gracias a mis 4 fant\u00e1sticas. A mis adoradas <a href=\"https:\/\/www.instagram.com\/santa_santina_\/\">@santa_santina_<\/a> <a href=\"https:\/\/www.instagram.com\/gemaessa\/\">@gemaessa<\/a> <a href=\"https:\/\/www.instagram.com\/alessandracarmo1981\/\">@alessandracarmo1981<\/a>\u2026 a todos mis amig@s, a <a href=\"https:\/\/www.instagram.com\/Duna_alba\/\">@Duna_alba<\/a> por ser compa\u00f1era de batalla y darme tantos consejos. Por cierto, \u00bfhab\u00e9is echado un ojo a su saga Efecto Mariposa? \u00a1\u00a1Es total!! <\/p>\n\n\n\n<p>Mi mayor agradecimiento es para <a href=\"https:\/\/www.instagram.com\/gulialiroz\/\">@gulialiroz<\/a>, un ARTISTA y un hombre MARAVILLOSO. Para terminar, que ya est\u00e1n a punto de dar as 12, quiero darte las gracias a ti, que est\u00e1s al otro lado de la pantalla leyendo estas l\u00edneas, llegar hasta aqu\u00ed es todo un logro.<\/p>\n\n\n\n<p>Espero y deseo que este a\u00f1o que dejamos atr\u00e1s hayas tenido buen\u00edsimos momentos que te hagan sonre\u00edr y sentirte afortunad@. <\/p>\n\n\n\n<p>El 2021 ser\u00e1 lo que tenga que ser, sin m\u00e1s.<br><br><a href=\"https:\/\/www.instagram.com\/explore\/tags\/feliza\u00f1onuevo\/\">#FELIZA\u00d1ONUEVO<\/a> <a href=\"https:\/\/www.instagram.com\/explore\/tags\/sefeliz\/\">#Sefeliz<\/a> <a href=\"https:\/\/www.instagram.com\/explore\/tags\/diariodeestaescritora\/\">#DiarioDeEstaEscritora<\/a><\/p>\n\n\n\n<p class=\"has-small-font-size\">Si quieres darle \u2764\ufe0f a este post y adem\u00e1s dejar un comentario pincha <strong><a href=\"https:\/\/www.instagram.com\/p\/CJd1G4Yl_TD\/\" target=\"_blank\" rel=\"noreferrer noopener\">AQU\u00cd<\/a><\/strong><\/p>\n","protected":false},"excerpt":{"rendered":"<p>Dentro de nada termina el a\u00f1o 2020. Para muchos esta es la hora de hacer retrospectiva y empezar a pensar en todo lo que queremos para el 2021.<\/p>\n","protected":false},"author":1,"featured_media":983,"comment_status":"closed","ping_status":"open","sticky":false,"template":"","format":"standard","meta":[],"categories":[1],"tags":[13],"yoast_head":"<!-- This site is optimized with the Yoast SEO plugin v16.4 - https:\/\/yoast.com\/wordpress\/plugins\/seo\/ -->\n<meta name=\"description\" content=\"Por fin termina el a\u00f1o 2020. Para muchos esta es la hora de hacer retrospectiva, valorar y empezar a pensar en todo lo que queremos...\" \/>\n<meta name=\"robots\" content=\"noindex, follow\" \/>\n<meta property=\"og:locale\" content=\"es_ES\" \/>\n<meta property=\"og:type\" content=\"article\" \/>\n<meta property=\"og:title\" content=\"TIC TAC\" \/>\n<meta property=\"og:description\" content=\"Dentro de nada termina el a\u00f1o 2020. Para muchos esta es la hora de hacer retrospectiva y empezar a pensar en todo lo que queremos para el 2021.\" \/>\n<meta property=\"og:url\" content=\"https:\/\/carolavercaigne.com\/index.php\/tictac\/\" \/>\n<meta property=\"og:site_name\" content=\"Carola Vercaigne\" \/>\n<meta property=\"article:published_time\" content=\"2020-12-31T21:59:00+00:00\" \/>\n<meta property=\"article:modified_time\" content=\"2021-01-12T17:19:32+00:00\" \/>\n<meta property=\"og:image\" content=\"http:\/\/carolavercaigne.com\/wp-content\/uploads\/2021\/01\/tictac.png\" \/>\n\t<meta property=\"og:image:width\" content=\"700\" \/>\n\t<meta property=\"og:image:height\" content=\"311\" \/>\n<meta name=\"twitter:card\" content=\"summary_large_image\" \/>\n<meta name=\"twitter:title\" content=\"TIC TAC\" \/>\n<meta name=\"twitter:description\" content=\"Dentro de nada termina el a\u00f1o 2020. Para muchos esta es la hora de hacer retrospectiva y empezar a pensar en todo lo que queremos para el 2021.\" \/>\n<meta name=\"twitter:image\" content=\"https:\/\/carolavercaigne.com\/wp-content\/uploads\/2021\/01\/tictac.png\" \/>\n<meta name=\"twitter:label1\" content=\"Tiempo de lectura\" \/>\n\t<meta name=\"twitter:data1\" content=\"3 minutos\" \/>\n<script type=\"application\/ld+json\" class=\"yoast-schema-graph\">{\"@context\":\"https:\/\/schema.org\",\"@graph\":[{\"@type\":\"WebSite\",\"@id\":\"https:\/\/carolavercaigne.com\/#website\",\"url\":\"https:\/\/carolavercaigne.com\/\",\"name\":\"Carola Vercaigne\",\"description\":\"\",\"publisher\":{\"@id\":\"https:\/\/carolavercaigne.com\/#\/schema\/person\/0e20eb114ce52348c24fce546930ab39\"},\"potentialAction\":[{\"@type\":\"SearchAction\",\"target\":\"https:\/\/carolavercaigne.com\/?s={search_term_string}\",\"query-input\":\"required name=search_term_string\"}],\"inLanguage\":\"es\"},{\"@type\":\"ImageObject\",\"@id\":\"https:\/\/carolavercaigne.com\/index.php\/tictac\/#primaryimage\",\"inLanguage\":\"es\",\"url\":\"https:\/\/carolavercaigne.com\/wp-content\/uploads\/2021\/01\/tictac.png\",\"contentUrl\":\"https:\/\/carolavercaigne.com\/wp-content\/uploads\/2021\/01\/tictac.png\",\"width\":700,\"height\":311},{\"@type\":\"WebPage\",\"@id\":\"https:\/\/carolavercaigne.com\/index.php\/tictac\/#webpage\",\"url\":\"https:\/\/carolavercaigne.com\/index.php\/tictac\/\",\"name\":\"TIC TAC ~ Carola Vercaigne\",\"isPartOf\":{\"@id\":\"https:\/\/carolavercaigne.com\/#website\"},\"primaryImageOfPage\":{\"@id\":\"https:\/\/carolavercaigne.com\/index.php\/tictac\/#primaryimage\"},\"datePublished\":\"2020-12-31T21:59:00+00:00\",\"dateModified\":\"2021-01-12T17:19:32+00:00\",\"description\":\"Por fin termina el a\\u00f1o 2020. Para muchos esta es la hora de hacer retrospectiva, valorar y empezar a pensar en todo lo que queremos...\",\"breadcrumb\":{\"@id\":\"https:\/\/carolavercaigne.com\/index.php\/tictac\/#breadcrumb\"},\"inLanguage\":\"es\",\"potentialAction\":[{\"@type\":\"ReadAction\",\"target\":[\"https:\/\/carolavercaigne.com\/index.php\/tictac\/\"]}]},{\"@type\":\"BreadcrumbList\",\"@id\":\"https:\/\/carolavercaigne.com\/index.php\/tictac\/#breadcrumb\",\"itemListElement\":[{\"@type\":\"ListItem\",\"position\":1,\"item\":{\"@type\":\"WebPage\",\"@id\":\"https:\/\/carolavercaigne.com\/\",\"url\":\"https:\/\/carolavercaigne.com\/\",\"name\":\"Portada\"}},{\"@type\":\"ListItem\",\"position\":2,\"item\":{\"@id\":\"https:\/\/carolavercaigne.com\/index.php\/tictac\/#webpage\"}}]},{\"@type\":\"Article\",\"@id\":\"https:\/\/carolavercaigne.com\/index.php\/tictac\/#article\",\"isPartOf\":{\"@id\":\"https:\/\/carolavercaigne.com\/index.php\/tictac\/#webpage\"},\"author\":{\"@id\":\"https:\/\/carolavercaigne.com\/#\/schema\/person\/0e20eb114ce52348c24fce546930ab39\"},\"headline\":\"TIC TAC\",\"datePublished\":\"2020-12-31T21:59:00+00:00\",\"dateModified\":\"2021-01-12T17:19:32+00:00\",\"mainEntityOfPage\":{\"@id\":\"https:\/\/carolavercaigne.com\/index.php\/tictac\/#webpage\"},\"wordCount\":621,\"publisher\":{\"@id\":\"https:\/\/carolavercaigne.com\/#\/schema\/person\/0e20eb114ce52348c24fce546930ab39\"},\"image\":{\"@id\":\"https:\/\/carolavercaigne.com\/index.php\/tictac\/#primaryimage\"},\"thumbnailUrl\":\"https:\/\/carolavercaigne.com\/wp-content\/uploads\/2021\/01\/tictac.png\",\"keywords\":[\"Instagram\"],\"inLanguage\":\"es\"},{\"@type\":[\"Person\",\"Organization\"],\"@id\":\"https:\/\/carolavercaigne.com\/#\/schema\/person\/0e20eb114ce52348c24fce546930ab39\",\"name\":\"Carola\",\"image\":{\"@type\":\"ImageObject\",\"@id\":\"https:\/\/carolavercaigne.com\/#personlogo\",\"inLanguage\":\"es\",\"url\":\"https:\/\/secure.gravatar.com\/avatar\/9879b20eef827deca00a7c0544465acb?s=96&d=mm&r=g\",\"contentUrl\":\"https:\/\/secure.gravatar.com\/avatar\/9879b20eef827deca00a7c0544465acb?s=96&d=mm&r=g\",\"caption\":\"Carola\"},\"logo\":{\"@id\":\"https:\/\/carolavercaigne.com\/#personlogo\"},\"sameAs\":[\"http:\/\/carolavercaigne.com\"]}]}<\/script>\n<!-- \/ Yoast SEO plugin. -->","_links":{"self":[{"href":"https:\/\/carolavercaigne.com\/index.php\/wp-json\/wp\/v2\/posts\/982"}],"collection":[{"href":"https:\/\/carolavercaigne.com\/index.php\/wp-json\/wp\/v2\/posts"}],"about":[{"href":"https:\/\/carolavercaigne.com\/index.php\/wp-json\/wp\/v2\/types\/post"}],"author":[{"embeddable":true,"href":"https:\/\/carolavercaigne.com\/index.php\/wp-json\/wp\/v2\/users\/1"}],"replies":[{"embeddable":true,"href":"https:\/\/carolavercaigne.com\/index.php\/wp-json\/wp\/v2\/comments?post=982"}],"version-history":[{"count":1,"href":"https:\/\/carolavercaigne.com\/index.php\/wp-json\/wp\/v2\/posts\/982\/revisions"}],"predecessor-version":[{"id":984,"href":"https:\/\/carolavercaigne.com\/index.php\/wp-json\/wp\/v2\/posts\/982\/revisions\/984"}],"wp:featuredmedia":[{"embeddable":true,"href":"https:\/\/carolavercaigne.com\/index.php\/wp-json\/wp\/v2\/media\/983"}],"wp:attachment":[{"href":"https:\/\/carolavercaigne.com\/index.php\/wp-json\/wp\/v2\/media?parent=982"}],"wp:term":[{"taxonomy":"category","embeddable":true,"href":"https:\/\/carolavercaigne.com\/index.php\/wp-json\/wp\/v2\/categories?post=982"},{"taxonomy":"post_tag","embeddable":true,"href":"https:\/\/carolavercaigne.com\/index.php\/wp-json\/wp\/v2\/tags?post=982"}],"curies":[{"name":"wp","href":"https:\/\/api.w.org\/{rel}","templated":true}]}}